{"id":11191,"date":"2019-11-23T21:38:48","date_gmt":"2019-11-23T20:38:48","guid":{"rendered":"http:\/\/www.fotopress-sommer.at\/peso\/?p=11191"},"modified":"2019-11-23T21:38:48","modified_gmt":"2019-11-23T20:38:48","slug":"adventbeginn-bad-ischl","status":"publish","type":"post","link":"http:\/\/www.fotopress-sommer.at\/peso\/?p=11191","title":{"rendered":"Adventbeginn Bad Ischl"},"content":{"rendered":"<div class=\"\"><b class=\"\">Adventbeginn in der Kaiserstadt Bad Ischl.<\/b><\/div>\n<div class=\"\"><img loading=\"lazy\" decoding=\"async\" class=\"size-medium wp-image-11192 alignright\" src=\"http:\/\/www.fotopress-sommer.at\/peso\/wp-content\/uploads\/2019\/11\/DSC01008_ergebnis-200x300.jpg\" alt=\"\" width=\"200\" height=\"300\" srcset=\"http:\/\/www.fotopress-sommer.at\/peso\/wp-content\/uploads\/2019\/11\/DSC01008_ergebnis-200x300.jpg 200w, http:\/\/www.fotopress-sommer.at\/peso\/wp-content\/uploads\/2019\/11\/DSC01008_ergebnis-683x1024.jpg 683w, http:\/\/www.fotopress-sommer.at\/peso\/wp-content\/uploads\/2019\/11\/DSC01008_ergebnis-768x1152.jpg 768w, http:\/\/www.fotopress-sommer.at\/peso\/wp-content\/uploads\/2019\/11\/DSC01008_ergebnis-1024x1536.jpg 1024w, http:\/\/www.fotopress-sommer.at\/peso\/wp-content\/uploads\/2019\/11\/DSC01008_ergebnis.jpg 1067w\" sizes=\"auto, (max-width: 200px) 100vw, 200px\" \/>Dieses Wochenende hat auch in Bad Ischl mit Er\u00f6ffnung des Adventmarktes in der Trinkhalle die \u201estille Zeit\u201c begonnen. Obwohl das Wetter durch F\u00f6hnsturm und 16 Grad nicht gerade zur &nbsp;Vorweihnachtszeit passte, war die Stimmung durch die Weihnachtsbeleuchtung, die glanzvollen Dekorationen der Auslagen, die Punschst\u00e4nde und auch das schon fast ben\u00fctzbare Kaisereis vor der Trinkhalle schon in diese Richtung eingeschlagen.<\/div>\n<div class=\"\">In der Trinkhalle selbst wurde man mit Kl\u00e4ngen von zwei steirischen Ziehharmonikas empfangen, Verkaufsst\u00e4nde mit tollen Kunstwerken gab es zu bestaunen, heimische Betriebe stellten ihre verschiedenen Waren aus und auch f\u00fcr das leibliche Wohl sorgte die heimische Wirtschaft. Im Freien vor der Ausstellungshalle gl\u00e4nzt schon das Kaisereis und ab Montag kann darauf nach Herzenslust mit dem Eislaufen begonnen werden. Ein kleines Standeldorf l\u00e4d mit verschiedenen Schmankerl und Getr\u00e4nken zum Verweilen ein.&nbsp;<\/div>\n<div class=\"\">Langsam wurde es dunkel und da kam dann die Ischler Weihnachtsbeleuchtung richtig zur Geltung. Ja unsere Kulturhauptstadt Europas versteht es, sich im \u201erichtigen Kleid\u201c zu pr\u00e4sentieren!<\/div>\n<div>ngg_shortcode_0_placeholder<\/div>\n","protected":false},"excerpt":{"rendered":"<p>Adventbeginn in der Kaiserstadt Bad Ischl. Dieses Wochenende hat auch in Bad Ischl mit Er\u00f6ffnung des Adventmarktes in der Trinkhalle die \u201estille Zeit\u201c begonnen. Obwohl das Wetter durch F\u00f6hnsturm und 16 Grad nicht gerade zur<\/p>\n","protected":false},"author":3,"featured_media":0,"comment_status":"closed","ping_status":"open","sticky":false,"template":"","format":"standard","meta":{"ngg_post_thumbnail":0,"footnotes":""},"categories":[1],"tags":[],"class_list":["post-11191","post","type-post","status-publish","format-standard","hentry","category-allgemein"],"_links":{"self":[{"href":"http:\/\/www.fotopress-sommer.at\/peso\/index.php?rest_route=\/wp\/v2\/posts\/11191","targetHints":{"allow":["GET"]}}],"collection":[{"href":"http:\/\/www.fotopress-sommer.at\/peso\/index.php?rest_route=\/wp\/v2\/posts"}],"about":[{"href":"http:\/\/www.fotopress-sommer.at\/peso\/index.php?rest_route=\/wp\/v2\/types\/post"}],"author":[{"embeddable":true,"href":"http:\/\/www.fotopress-sommer.at\/peso\/index.php?rest_route=\/wp\/v2\/users\/3"}],"replies":[{"embeddable":true,"href":"http:\/\/www.fotopress-sommer.at\/peso\/index.php?rest_route=%2Fwp%2Fv2%2Fcomments&post=11191"}],"version-history":[{"count":1,"href":"http:\/\/www.fotopress-sommer.at\/peso\/index.php?rest_route=\/wp\/v2\/posts\/11191\/revisions"}],"predecessor-version":[{"id":11242,"href":"http:\/\/www.fotopress-sommer.at\/peso\/index.php?rest_route=\/wp\/v2\/posts\/11191\/revisions\/11242"}],"wp:attachment":[{"href":"http:\/\/www.fotopress-sommer.at\/peso\/index.php?rest_route=%2Fwp%2Fv2%2Fmedia&parent=11191"}],"wp:term":[{"taxonomy":"category","embeddable":true,"href":"http:\/\/www.fotopress-sommer.at\/peso\/index.php?rest_route=%2Fwp%2Fv2%2Fcategories&post=11191"},{"taxonomy":"post_tag","embeddable":true,"href":"http:\/\/www.fotopress-sommer.at\/peso\/index.php?rest_route=%2Fwp%2Fv2%2Ftags&post=11191"}],"curies":[{"name":"wp","href":"https:\/\/api.w.org\/{rel}","templated":true}]}}