{"id":11637,"date":"2019-12-17T22:36:16","date_gmt":"2019-12-17T21:36:16","guid":{"rendered":"http:\/\/www.fotopress-sommer.at\/peso\/?p=11637"},"modified":"2019-12-17T22:36:16","modified_gmt":"2019-12-17T21:36:16","slug":"atelier-am-markt","status":"publish","type":"post","link":"http:\/\/www.fotopress-sommer.at\/peso\/?p=11637","title":{"rendered":"Atelier am Markt"},"content":{"rendered":"<blockquote class=\"\">\n<div class=\"\">\n<div class=\"\">\n<div class=\"\"><em><b class=\"\"><span class=\"\" style=\"color: #000000;\">Kunst in Gmunden &#8211; 5 Jahre Atelier am Markt!<\/span><\/b><\/em><\/div>\n<div class=\"\"><em><span class=\"\" style=\"color: #000000;\"><img loading=\"lazy\" decoding=\"async\" class=\"size-medium wp-image-11638 alignright\" src=\"http:\/\/www.fotopress-sommer.at\/peso\/wp-content\/uploads\/2019\/12\/DSC01434_ergebnis-300x200.jpg\" alt=\"\" width=\"300\" height=\"200\" srcset=\"http:\/\/www.fotopress-sommer.at\/peso\/wp-content\/uploads\/2019\/12\/DSC01434_ergebnis-300x200.jpg 300w, http:\/\/www.fotopress-sommer.at\/peso\/wp-content\/uploads\/2019\/12\/DSC01434_ergebnis-1024x683.jpg 1024w, http:\/\/www.fotopress-sommer.at\/peso\/wp-content\/uploads\/2019\/12\/DSC01434_ergebnis-768x512.jpg 768w, http:\/\/www.fotopress-sommer.at\/peso\/wp-content\/uploads\/2019\/12\/DSC01434_ergebnis-1536x1024.jpg 1536w, http:\/\/www.fotopress-sommer.at\/peso\/wp-content\/uploads\/2019\/12\/DSC01434_ergebnis-2048x1365.jpg 2048w, http:\/\/www.fotopress-sommer.at\/peso\/wp-content\/uploads\/2019\/12\/DSC01434_ergebnis-420x280.jpg 420w\" sizes=\"auto, (max-width: 300px) 100vw, 300px\" \/>Vor f\u00fcnf j\u00e4hren starteten 4 Powerfrauen mit gro\u00dfer Begeisterung am Marktplatz mit dem \u201eAtelier am Markt\u201c durch. Bettina Greslehner Photographin &amp; Objektk\u00fcnstlerin legte den Grundstein und Christine PAHL Malerin, Renate OBERMAYR-AIGNER Restaurateurin und Claudia EICHENAUER Bildhauerin waren sofort mit von der Partie. Heute wurde gro\u00df gefeiert und alle Freunde und Kunstbegeisterte dazu eingeladen.<\/span><\/em><\/div>\n<div class=\"\"><em><span class=\"\" style=\"color: #000000;\">\u201eGemeinsam im immerw\u00e4hrenden Dialog haben wir Kunst und Handwerk geschaffen und das Atelier mit Leben und Kultur ausgef\u00fcllt. Was ich empfinde ist neben Begeisterung und Freude vor allem Dankbarkeit. Und diese Dankbarkeit gilt vor allem meinen K\u00fcnstlerkolleginnen Claudia, Renate und Tina. Aber auch Herrn Franz KRONBERGER, der diese feine Location nach dem Kauf des Geb\u00e4udes auch weiterhin an uns vermietet. Auch der Gemeinde Gmunden, die unser Engagement f\u00fcr die Gmundner Innenstadt f\u00f6rdert, sei gro\u00dfer Dank ausgesprochen!\u201c, so Christine PAHL in ihren Begr\u00fc\u00dfungsworten.&nbsp;<\/span><\/em><\/div>\n<div class=\"\"><em><span class=\"\" style=\"color: #000000;\"><img loading=\"lazy\" decoding=\"async\" class=\"size-medium wp-image-11639 alignright\" src=\"http:\/\/www.fotopress-sommer.at\/peso\/wp-content\/uploads\/2019\/12\/DSC01444_ergebnis-300x200.jpg\" alt=\"\" width=\"300\" height=\"200\" srcset=\"http:\/\/www.fotopress-sommer.at\/peso\/wp-content\/uploads\/2019\/12\/DSC01444_ergebnis-300x200.jpg 300w, http:\/\/www.fotopress-sommer.at\/peso\/wp-content\/uploads\/2019\/12\/DSC01444_ergebnis-1024x683.jpg 1024w, http:\/\/www.fotopress-sommer.at\/peso\/wp-content\/uploads\/2019\/12\/DSC01444_ergebnis-768x512.jpg 768w, http:\/\/www.fotopress-sommer.at\/peso\/wp-content\/uploads\/2019\/12\/DSC01444_ergebnis-1536x1024.jpg 1536w, http:\/\/www.fotopress-sommer.at\/peso\/wp-content\/uploads\/2019\/12\/DSC01444_ergebnis-2048x1365.jpg 2048w, http:\/\/www.fotopress-sommer.at\/peso\/wp-content\/uploads\/2019\/12\/DSC01444_ergebnis-420x280.jpg 420w\" sizes=\"auto, (max-width: 300px) 100vw, 300px\" \/>Stadtrat Mag. Martin APFLER richtete ebenfalls in Vertretung von Bgm. Mag. Stefan KRAPF Begr\u00fc\u00dfung,- und Dankesworte an die vielen Besucher und K\u00fcnstlerinnen im Atelier. Diese Kunsteinrichtung ist vom Marktplatz in der Innenstadt nicht mehr wegzudenken. Ein musikalisches Meisterwerk gab es im Anschlu\u00df an den offiziellen Teil. Live in Konzert waren Willy BELL &amp; Charly LEITNER zu h\u00f6ren. Die beiden Vollblutmusiker machten diesen Tag zum echten Feiertag. Und dazu passte auch ein k\u00f6stliches Buffet, dass die K\u00fcnstlerinnen liebevoll vorbereitet hatten. Ein Besuch im Atelier am Markt lohnt sich auf alle F\u00e4lle. Viele tolle Kunstwerke warten auf einen neuen Besitzer. Aber auch vielf\u00e4ltige Kulturveranstaltungen wie Konzerte, Lesungen, Workshops und Ausstellungen bringen zus\u00e4tzlich Leben ins ATELIER am MARKT.<\/span><\/em><\/div>\n<div class=\"\"><em><span class=\"\" style=\"color: #000000;\">Auch ein Rundgang durch die adventliche Innenstadt und dem Radhausplatzplatz Gmunden durfte an diesem Tag nicht fehlen.&nbsp;<\/span><\/em><\/div>\n<div>ngg_shortcode_0_placeholder<\/div>\n<\/div>\n<\/div>\n<\/blockquote>\n","protected":false},"excerpt":{"rendered":"<p>Kunst in Gmunden &#8211; 5 Jahre Atelier am Markt! Vor f\u00fcnf j\u00e4hren starteten 4 Powerfrauen mit gro\u00dfer Begeisterung am Marktplatz mit dem \u201eAtelier am Markt\u201c durch. Bettina Greslehner Photographin &amp; Objektk\u00fcnstlerin legte den Grundstein und<\/p>\n","protected":false},"author":3,"featured_media":0,"comment_status":"closed","ping_status":"open","sticky":false,"template":"","format":"standard","meta":{"ngg_post_thumbnail":0,"footnotes":""},"categories":[1],"tags":[],"class_list":["post-11637","post","type-post","status-publish","format-standard","hentry","category-allgemein"],"_links":{"self":[{"href":"http:\/\/www.fotopress-sommer.at\/peso\/index.php?rest_route=\/wp\/v2\/posts\/11637","targetHints":{"allow":["GET"]}}],"collection":[{"href":"http:\/\/www.fotopress-sommer.at\/peso\/index.php?rest_route=\/wp\/v2\/posts"}],"about":[{"href":"http:\/\/www.fotopress-sommer.at\/peso\/index.php?rest_route=\/wp\/v2\/types\/post"}],"author":[{"embeddable":true,"href":"http:\/\/www.fotopress-sommer.at\/peso\/index.php?rest_route=\/wp\/v2\/users\/3"}],"replies":[{"embeddable":true,"href":"http:\/\/www.fotopress-sommer.at\/peso\/index.php?rest_route=%2Fwp%2Fv2%2Fcomments&post=11637"}],"version-history":[{"count":1,"href":"http:\/\/www.fotopress-sommer.at\/peso\/index.php?rest_route=\/wp\/v2\/posts\/11637\/revisions"}],"predecessor-version":[{"id":11678,"href":"http:\/\/www.fotopress-sommer.at\/peso\/index.php?rest_route=\/wp\/v2\/posts\/11637\/revisions\/11678"}],"wp:attachment":[{"href":"http:\/\/www.fotopress-sommer.at\/peso\/index.php?rest_route=%2Fwp%2Fv2%2Fmedia&parent=11637"}],"wp:term":[{"taxonomy":"category","embeddable":true,"href":"http:\/\/www.fotopress-sommer.at\/peso\/index.php?rest_route=%2Fwp%2Fv2%2Fcategories&post=11637"},{"taxonomy":"post_tag","embeddable":true,"href":"http:\/\/www.fotopress-sommer.at\/peso\/index.php?rest_route=%2Fwp%2Fv2%2Ftags&post=11637"}],"curies":[{"name":"wp","href":"https:\/\/api.w.org\/{rel}","templated":true}]}}