{"id":13568,"date":"2020-02-23T01:15:24","date_gmt":"2020-02-23T00:15:24","guid":{"rendered":"http:\/\/www.fotopress-sommer.at\/peso\/?p=13568"},"modified":"2020-02-23T01:15:24","modified_gmt":"2020-02-23T00:15:24","slug":"faschingsumzug-gschwandt","status":"publish","type":"post","link":"http:\/\/www.fotopress-sommer.at\/peso\/?p=13568","title":{"rendered":"Faschingsumzug Gschwandt"},"content":{"rendered":"<div class=\"\"><b class=\"\">Gschwandt die Faschinghochburg am 22.2.2020!<\/b><\/div>\n<div class=\"\"><img loading=\"lazy\" decoding=\"async\" class=\"size-medium wp-image-13569 alignright\" src=\"http:\/\/www.fotopress-sommer.at\/peso\/wp-content\/uploads\/2020\/02\/DSC05037_ergebnis-300x207.jpg\" alt=\"\" width=\"300\" height=\"207\" srcset=\"http:\/\/www.fotopress-sommer.at\/peso\/wp-content\/uploads\/2020\/02\/DSC05037_ergebnis-300x207.jpg 300w, http:\/\/www.fotopress-sommer.at\/peso\/wp-content\/uploads\/2020\/02\/DSC05037_ergebnis-1024x707.jpg 1024w, http:\/\/www.fotopress-sommer.at\/peso\/wp-content\/uploads\/2020\/02\/DSC05037_ergebnis-768x531.jpg 768w, http:\/\/www.fotopress-sommer.at\/peso\/wp-content\/uploads\/2020\/02\/DSC05037_ergebnis-1536x1061.jpg 1536w, http:\/\/www.fotopress-sommer.at\/peso\/wp-content\/uploads\/2020\/02\/DSC05037_ergebnis-2048x1415.jpg 2048w\" sizes=\"auto, (max-width: 300px) 100vw, 300px\" \/>Alle f\u00fcnf Jahre ist es so weit, Gschwandt wird zur Faschinghochburg am Faschingsamstag. So auch heute am Faschingssamstag 22.2.2020! \u00dcber 40 Gruppen mit W\u00e4gen oder zu Fu\u00df machten sich vom Unionheim weg auf den Weg durch Gschwandt. Hunderte Leute s\u00e4umten den Weg, jubelten und feierten mit. Einige Hausbesitzer hatten kleine Bar`s aufgestellt und luden auf einen Umtrunk ein. Es wurde gesungen getanzt und gelacht. Der Umzug ging durch das abgesperrte Ortszentrum wieder zur\u00fcck zum Unionheim, wo in der Stockhalle durch die Mannschaft der UNION Gschwandt ein Faschingsgschnas mit Bars, Essen,- und Getr\u00e4nkeausschank vorbereitet wurde. F\u00fcr eine tolle musikalische Stimmung sorgte DJ Walter bei wahrlich \u00fcbervollem Haus!<\/div>\n<div class=\"\"><img loading=\"lazy\" decoding=\"async\" class=\"size-medium wp-image-13570 alignright\" src=\"http:\/\/www.fotopress-sommer.at\/peso\/wp-content\/uploads\/2020\/02\/DSC05015_ergebnis-300x200.jpg\" alt=\"\" width=\"300\" height=\"200\" srcset=\"http:\/\/www.fotopress-sommer.at\/peso\/wp-content\/uploads\/2020\/02\/DSC05015_ergebnis-300x200.jpg 300w, http:\/\/www.fotopress-sommer.at\/peso\/wp-content\/uploads\/2020\/02\/DSC05015_ergebnis-1024x683.jpg 1024w, http:\/\/www.fotopress-sommer.at\/peso\/wp-content\/uploads\/2020\/02\/DSC05015_ergebnis-768x512.jpg 768w, http:\/\/www.fotopress-sommer.at\/peso\/wp-content\/uploads\/2020\/02\/DSC05015_ergebnis-1536x1024.jpg 1536w, http:\/\/www.fotopress-sommer.at\/peso\/wp-content\/uploads\/2020\/02\/DSC05015_ergebnis-2048x1365.jpg 2048w, http:\/\/www.fotopress-sommer.at\/peso\/wp-content\/uploads\/2020\/02\/DSC05015_ergebnis-420x280.jpg 420w\" sizes=\"auto, (max-width: 300px) 100vw, 300px\" \/>F\u00fcr die Sicherheit sorgte die Feuerwehr Gschwandt mit ihrem eingespielten Team, Unionobmann Michael \u201eJacky\u201c UHL als Hauptverantwortlicher hat mit seine Team ebenfalls f\u00fcr einen perfekten Ablauf gesorgt und grinste \u00fcber das ganze Gesicht. Auch im Buffet der Stockhalle bei \u201eNUSSI\u201c steppte der B\u00e4r.<\/div>\n<div class=\"\">\u201eMit einem derart tollen Erfolg habe ich nicht einmal zu tr\u00e4umen gewagt. Nat\u00fcrlich hat der Wettergott auch mit fr\u00fchlingshaften Temperaturen mitgespielt. Aber auch das Publikum, dass die Stra\u00dfen durch Gschwandt ges\u00e4umt hatten, waren beeindruckt vivon den tollen Kost\u00fcmen und Einf\u00e4llen der Faschingszugteilnehmer. Unser Faschingsumzug ging ohne Zwischenf\u00e4lle \u00fcber die B\u00fchne, da sei auch der Feuerwehr Gschwandt f\u00fcr den tadellosen Absperrdienst gedankt und nat\u00fcrlich auch meinen vielen Helfern der Sportunion Gschwandt, die diesen Tag unvergessen werden lassen!\u201c, so ein \u00fcbergl\u00fccklicher Unionobmann Michael UHL.<\/div>\n<div class=\"\">ngg_shortcode_0_placeholder<\/div>\n","protected":false},"excerpt":{"rendered":"<p>Gschwandt die Faschinghochburg am 22.2.2020! Alle f\u00fcnf Jahre ist es so weit, Gschwandt wird zur Faschinghochburg am Faschingsamstag. So auch heute am Faschingssamstag 22.2.2020! \u00dcber 40 Gruppen mit W\u00e4gen oder zu Fu\u00df machten sich vom<\/p>\n","protected":false},"author":3,"featured_media":0,"comment_status":"closed","ping_status":"open","sticky":false,"template":"","format":"standard","meta":{"ngg_post_thumbnail":0,"footnotes":""},"categories":[1],"tags":[],"class_list":["post-13568","post","type-post","status-publish","format-standard","hentry","category-allgemein"],"_links":{"self":[{"href":"http:\/\/www.fotopress-sommer.at\/peso\/index.php?rest_route=\/wp\/v2\/posts\/13568","targetHints":{"allow":["GET"]}}],"collection":[{"href":"http:\/\/www.fotopress-sommer.at\/peso\/index.php?rest_route=\/wp\/v2\/posts"}],"about":[{"href":"http:\/\/www.fotopress-sommer.at\/peso\/index.php?rest_route=\/wp\/v2\/types\/post"}],"author":[{"embeddable":true,"href":"http:\/\/www.fotopress-sommer.at\/peso\/index.php?rest_route=\/wp\/v2\/users\/3"}],"replies":[{"embeddable":true,"href":"http:\/\/www.fotopress-sommer.at\/peso\/index.php?rest_route=%2Fwp%2Fv2%2Fcomments&post=13568"}],"version-history":[{"count":1,"href":"http:\/\/www.fotopress-sommer.at\/peso\/index.php?rest_route=\/wp\/v2\/posts\/13568\/revisions"}],"predecessor-version":[{"id":13913,"href":"http:\/\/www.fotopress-sommer.at\/peso\/index.php?rest_route=\/wp\/v2\/posts\/13568\/revisions\/13913"}],"wp:attachment":[{"href":"http:\/\/www.fotopress-sommer.at\/peso\/index.php?rest_route=%2Fwp%2Fv2%2Fmedia&parent=13568"}],"wp:term":[{"taxonomy":"category","embeddable":true,"href":"http:\/\/www.fotopress-sommer.at\/peso\/index.php?rest_route=%2Fwp%2Fv2%2Fcategories&post=13568"},{"taxonomy":"post_tag","embeddable":true,"href":"http:\/\/www.fotopress-sommer.at\/peso\/index.php?rest_route=%2Fwp%2Fv2%2Ftags&post=13568"}],"curies":[{"name":"wp","href":"https:\/\/api.w.org\/{rel}","templated":true}]}}