{"id":14194,"date":"2020-04-19T23:45:06","date_gmt":"2020-04-19T21:45:06","guid":{"rendered":"http:\/\/www.fotopress-sommer.at\/peso\/?p=14194"},"modified":"2020-04-19T23:45:06","modified_gmt":"2020-04-19T21:45:06","slug":"auf-in-die-freiheit","status":"publish","type":"post","link":"http:\/\/www.fotopress-sommer.at\/peso\/?p=14194","title":{"rendered":"Auf in die Freiheit!"},"content":{"rendered":"<p><span class=\"\"><b class=\"\">&#8222;\u00dcber den Wolken &#8211; nein sogar am Ufer des Traunsee muss die Freiheit wohl grenzenlos sein!&#8220;<\/b><\/span><br class=\"\"><span class=\"\">So f\u00fchlten wir uns am Samstag 18.4.2020 nach fast 5 Wochen zu Hause als braver Staatsb\u00fcrger, als wir uns auf eine Runde in Gmunden mit nat\u00fcrlich gen\u00fcgend Abstand zu anderen Freiluft hungrigen Menschen machten. Bis jetzt&nbsp;beschr\u00e4nkten wir uns auf die unmittelbare Umgebung unseres Wohnsitzes in Gschwandt mit Spazierg\u00e4nge fast&nbsp;ohne Menschenkontakt. <\/span><\/p>\n<p><span class=\"\"><img loading=\"lazy\" decoding=\"async\" class=\"size-medium wp-image-14195 alignright\" src=\"http:\/\/www.fotopress-sommer.at\/peso\/wp-content\/uploads\/2020\/04\/IMG_7859_ergebnis-300x194.jpeg\" alt=\"\" width=\"300\" height=\"194\" srcset=\"http:\/\/www.fotopress-sommer.at\/peso\/wp-content\/uploads\/2020\/04\/IMG_7859_ergebnis-300x194.jpeg 300w, http:\/\/www.fotopress-sommer.at\/peso\/wp-content\/uploads\/2020\/04\/IMG_7859_ergebnis-1024x661.jpeg 1024w, http:\/\/www.fotopress-sommer.at\/peso\/wp-content\/uploads\/2020\/04\/IMG_7859_ergebnis-768x496.jpeg 768w, http:\/\/www.fotopress-sommer.at\/peso\/wp-content\/uploads\/2020\/04\/IMG_7859_ergebnis-1536x992.jpeg 1536w, http:\/\/www.fotopress-sommer.at\/peso\/wp-content\/uploads\/2020\/04\/IMG_7859_ergebnis-2048x1322.jpeg 2048w\" sizes=\"auto, (max-width: 300px) 100vw, 300px\" \/><span class=\"\" style=\"font-size: 1rem;\"><span class=\"\" style=\"font-size: 1rem;\"><span style=\"font-size: 1rem;\">Heute die &#8222;Freiheit&#8220; vom Seebahnhof \u00fcber die Esplanade, eine Toskanarunde und wieder retour. Die Natur ist einfach bezaubernd und zeigt sich von der sch\u00f6nsten Seite. Fr\u00fchlingsgef\u00fchle bei Pflanzen und Tiere. Die Disziplin der Menschen ist lobenswert. Das erste Eis auf einem Bankerl&nbsp;auf der Esplanade genie\u00dfen, eine Wohltat.&nbsp;<\/span><\/span><span class=\"\" style=\"font-size: 1rem;\">Einer der auch schon sehns\u00fcchtig aufs Aufsperren wartet ist Thomas &#8222;THOMMY&#8220; HUMER, Fishmaster mit seinen Fischspezialit\u00e4ten am Leheneraufsatz am Ende der Esplanade Gmunden. Er hat an seinem Buffet und Verkaufsstand gearbeitet und ist zuversichtlich, dass es bald los geht!&nbsp;Das w\u00fcnschen wir ihm und seinen Kolleginnen und Kollegen in der Gastronomie von Herzen.<\/span><\/span><\/span><\/p>\n<p><span class=\"\"><span class=\"\" style=\"font-size: 1rem;\">Am Sonntag dann ein flotter Spaziergang in Gschwandt bei richtigem Aprilwetter mit Sonne, Wind und Regen, ja April tut was er will. Wir n\u00fctzten auch die Gelegenheit in unsere neu renovierte Pfarrkirche in Gschwandt zu schauen und im stillen Gebet inne zu halten. Auch hier wird es Zeit, dass wieder halbwegs Normalit\u00e4t mit Kirchenbesuch und heiliger Messe einkehrt. Aber das wird wohl leider dem Stand der Dinge nach noch l\u00e4nger dauern.<br \/>\n<\/span><\/span><\/p>\n<p>ngg_shortcode_0_placeholder<span class=\"\">&nbsp;<\/span><\/p>\n<p>&nbsp;<\/p>\n","protected":false},"excerpt":{"rendered":"<p>&#8222;\u00dcber den Wolken &#8211; nein sogar am Ufer des Traunsee muss die Freiheit wohl grenzenlos sein!&#8220;So f\u00fchlten wir uns am Samstag 18.4.2020 nach fast 5 Wochen zu Hause als braver Staatsb\u00fcrger, als wir uns auf<\/p>\n","protected":false},"author":3,"featured_media":0,"comment_status":"closed","ping_status":"open","sticky":false,"template":"","format":"standard","meta":{"ngg_post_thumbnail":0,"footnotes":""},"categories":[1],"tags":[],"class_list":["post-14194","post","type-post","status-publish","format-standard","hentry","category-allgemein"],"_links":{"self":[{"href":"http:\/\/www.fotopress-sommer.at\/peso\/index.php?rest_route=\/wp\/v2\/posts\/14194","targetHints":{"allow":["GET"]}}],"collection":[{"href":"http:\/\/www.fotopress-sommer.at\/peso\/index.php?rest_route=\/wp\/v2\/posts"}],"about":[{"href":"http:\/\/www.fotopress-sommer.at\/peso\/index.php?rest_route=\/wp\/v2\/types\/post"}],"author":[{"embeddable":true,"href":"http:\/\/www.fotopress-sommer.at\/peso\/index.php?rest_route=\/wp\/v2\/users\/3"}],"replies":[{"embeddable":true,"href":"http:\/\/www.fotopress-sommer.at\/peso\/index.php?rest_route=%2Fwp%2Fv2%2Fcomments&post=14194"}],"version-history":[{"count":1,"href":"http:\/\/www.fotopress-sommer.at\/peso\/index.php?rest_route=\/wp\/v2\/posts\/14194\/revisions"}],"predecessor-version":[{"id":14233,"href":"http:\/\/www.fotopress-sommer.at\/peso\/index.php?rest_route=\/wp\/v2\/posts\/14194\/revisions\/14233"}],"wp:attachment":[{"href":"http:\/\/www.fotopress-sommer.at\/peso\/index.php?rest_route=%2Fwp%2Fv2%2Fmedia&parent=14194"}],"wp:term":[{"taxonomy":"category","embeddable":true,"href":"http:\/\/www.fotopress-sommer.at\/peso\/index.php?rest_route=%2Fwp%2Fv2%2Fcategories&post=14194"},{"taxonomy":"post_tag","embeddable":true,"href":"http:\/\/www.fotopress-sommer.at\/peso\/index.php?rest_route=%2Fwp%2Fv2%2Ftags&post=14194"}],"curies":[{"name":"wp","href":"https:\/\/api.w.org\/{rel}","templated":true}]}}