{"id":16169,"date":"2020-12-05T22:55:46","date_gmt":"2020-12-05T21:55:46","guid":{"rendered":"http:\/\/www.fotopress-sommer.at\/peso\/?p=16169"},"modified":"2020-12-14T19:36:02","modified_gmt":"2020-12-14T18:36:02","slug":"winterwunderland-gschwandt","status":"publish","type":"post","link":"http:\/\/www.fotopress-sommer.at\/peso\/?p=16169","title":{"rendered":"Winterwunderland Gschwandt"},"content":{"rendered":"<div class=\"\"><b class=\"\">Winter Wunderland, leider nur kurze Zeit!<\/b><\/div>\n<div class=\"\"><img loading=\"lazy\" decoding=\"async\" class=\"size-medium wp-image-16170 alignright\" src=\"http:\/\/www.fotopress-sommer.at\/peso\/wp-content\/uploads\/2020\/12\/DSC02395_ergebnis-300x200.jpg\" alt=\"\" width=\"300\" height=\"200\" srcset=\"http:\/\/www.fotopress-sommer.at\/peso\/wp-content\/uploads\/2020\/12\/DSC02395_ergebnis-300x200.jpg 300w, http:\/\/www.fotopress-sommer.at\/peso\/wp-content\/uploads\/2020\/12\/DSC02395_ergebnis-1024x683.jpg 1024w, http:\/\/www.fotopress-sommer.at\/peso\/wp-content\/uploads\/2020\/12\/DSC02395_ergebnis-768x512.jpg 768w, http:\/\/www.fotopress-sommer.at\/peso\/wp-content\/uploads\/2020\/12\/DSC02395_ergebnis-1536x1024.jpg 1536w, http:\/\/www.fotopress-sommer.at\/peso\/wp-content\/uploads\/2020\/12\/DSC02395_ergebnis-2048x1365.jpg 2048w, http:\/\/www.fotopress-sommer.at\/peso\/wp-content\/uploads\/2020\/12\/DSC02395_ergebnis-420x280.jpg 420w\" sizes=\"auto, (max-width: 300px) 100vw, 300px\" \/>Am Freitag 4.12.2020 erstrahlte Gschwandt in einem besonderen \u201eKleid\u201c. Schneefall am Vortag und Nebel in der Nacht verzauberte die Natur in funkelnde Eiskristalle, die in Verbindung mit Sonnenschein einen besonderen Augenschmaus bereiteten. In Zeiten wie diesen eine willkommene Abwechslung und Balsam f\u00fcr K\u00f6rper und Seele. Auch f\u00fcr die Kid`s gab es dieses Jahr erstmals die M\u00f6glichkeit Schlitten und Bob`s hervorzuholen und kurzer Hand das Reputationsbecken in der Siedlung in eine Schlittenbahn umzufunktionieren. Leider ein kurzes Erlebnis, dass heute durch F\u00f6hn wieder abrupt beendet wurde.<\/div>\n<div>ngg_shortcode_0_placeholder<\/div>\n<div>&nbsp;<\/div>\n<div class=\"\">&nbsp;<\/div>\n","protected":false},"excerpt":{"rendered":"<p>Winter Wunderland, leider nur kurze Zeit! Am Freitag 4.12.2020 erstrahlte Gschwandt in einem besonderen \u201eKleid\u201c. Schneefall am Vortag und Nebel in der Nacht verzauberte die Natur in funkelnde Eiskristalle, die in Verbindung mit Sonnenschein einen<\/p>\n","protected":false},"author":3,"featured_media":16295,"comment_status":"closed","ping_status":"open","sticky":false,"template":"","format":"standard","meta":{"ngg_post_thumbnail":0,"footnotes":""},"categories":[1],"tags":[],"class_list":["post-16169","post","type-post","status-publish","format-standard","has-post-thumbnail","hentry","category-allgemein"],"_links":{"self":[{"href":"http:\/\/www.fotopress-sommer.at\/peso\/index.php?rest_route=\/wp\/v2\/posts\/16169","targetHints":{"allow":["GET"]}}],"collection":[{"href":"http:\/\/www.fotopress-sommer.at\/peso\/index.php?rest_route=\/wp\/v2\/posts"}],"about":[{"href":"http:\/\/www.fotopress-sommer.at\/peso\/index.php?rest_route=\/wp\/v2\/types\/post"}],"author":[{"embeddable":true,"href":"http:\/\/www.fotopress-sommer.at\/peso\/index.php?rest_route=\/wp\/v2\/users\/3"}],"replies":[{"embeddable":true,"href":"http:\/\/www.fotopress-sommer.at\/peso\/index.php?rest_route=%2Fwp%2Fv2%2Fcomments&post=16169"}],"version-history":[{"count":6,"href":"http:\/\/www.fotopress-sommer.at\/peso\/index.php?rest_route=\/wp\/v2\/posts\/16169\/revisions"}],"predecessor-version":[{"id":16296,"href":"http:\/\/www.fotopress-sommer.at\/peso\/index.php?rest_route=\/wp\/v2\/posts\/16169\/revisions\/16296"}],"wp:featuredmedia":[{"embeddable":true,"href":"http:\/\/www.fotopress-sommer.at\/peso\/index.php?rest_route=\/wp\/v2\/media\/16295"}],"wp:attachment":[{"href":"http:\/\/www.fotopress-sommer.at\/peso\/index.php?rest_route=%2Fwp%2Fv2%2Fmedia&parent=16169"}],"wp:term":[{"taxonomy":"category","embeddable":true,"href":"http:\/\/www.fotopress-sommer.at\/peso\/index.php?rest_route=%2Fwp%2Fv2%2Fcategories&post=16169"},{"taxonomy":"post_tag","embeddable":true,"href":"http:\/\/www.fotopress-sommer.at\/peso\/index.php?rest_route=%2Fwp%2Fv2%2Ftags&post=16169"}],"curies":[{"name":"wp","href":"https:\/\/api.w.org\/{rel}","templated":true}]}}