{"id":19875,"date":"2022-02-23T22:41:32","date_gmt":"2022-02-23T21:41:32","guid":{"rendered":"http:\/\/www.fotopress-sommer.at\/peso\/?p=19875"},"modified":"2022-02-23T22:41:32","modified_gmt":"2022-02-23T21:41:32","slug":"jubeltag-fuer-die-ff-gschwandt","status":"publish","type":"post","link":"http:\/\/www.fotopress-sommer.at\/peso\/?p=19875","title":{"rendered":"Jubeltag f\u00fcr die FF Gschwandt!"},"content":{"rendered":"<p>Nach zwei Jahren Vorbereitung und Planung war es heute Mittwoch 23.2.2022 endlich so weit. Kommandant J\u00fcrgen WEISSMANN fuhr mit vier Kameraden um 7:30 Uhr fr\u00fch zur Firma ROSENBAUER nach Leonding, um das mit Spannung erwartete neue L\u00f6schfahrzeug zu \u00fcbernehmen. Dort erfolgte auch bei der \u00dcbernahme eine ausf\u00fchrliche Einschulung durch das Fachpersonal der Firma ROSENBAUER und dann ging es ab zum Zeughaus der Feuerwehr Gschwandt.<br \/>\nDas neu angekaufte L\u00f6schfahrzeug mit Allrad und Bergeausr\u00fcstung (LFA-B) ist seit 2019 in Planung gewesen und wurde heute am 23. Februar 2022 von der Firma Rosenbauer an das Kommando der FF Gschwandt \u00fcbergeben und ist ab sofort in den Dienst gestellt. Das 290 PS starke, 8m lange und 16 Tonnen schwere Fahrzeug der Marke MAN ist mit verschiedenen Pumpen, einer Bergeausr\u00fcstung, Generator, Motors\u00e4ge, Leiter, drei Atemschutzger\u00e4ten, Zubeh\u00f6r zur Menschenrettung, Seilwinde 6,8 Tonnen, Schanzwerkzeug, Greifzug, Bel\u00fcftungsger\u00e4t, Hebekissen, einer POLY L\u00f6schanlage und verschieden technischen Hilfswerkzeugen ausgestattet. Das Hightech Fahrzeug wird somit seine Hauptaufgaben bei Verkehrsunf\u00e4llen und technischen Eins\u00e4tzen generell zum Einsatz kommen. Mit den \u00fcber 500 mitgef\u00fchrten Ausr\u00fcstungsgegenst\u00e4nden, die dem aktuellsten Stand der Technik entsprechen, haben wir nun eine noch gr\u00f6\u00dfere Anzahl an M\u00f6glichkeiten, um im Einsatzfall unseren Mitmenschen zu helfen.<br \/>\n<img loading=\"lazy\" decoding=\"async\" src=\"http:\/\/www.fotopress-sommer.at\/peso\/wp-content\/uploads\/2022\/02\/DSC09541_ergebnis-300x200.jpg\" alt=\"\" width=\"300\" height=\"200\" class=\"alignnone size-medium wp-image-19876\" srcset=\"http:\/\/www.fotopress-sommer.at\/peso\/wp-content\/uploads\/2022\/02\/DSC09541_ergebnis-300x200.jpg 300w, http:\/\/www.fotopress-sommer.at\/peso\/wp-content\/uploads\/2022\/02\/DSC09541_ergebnis-1024x683.jpg 1024w, http:\/\/www.fotopress-sommer.at\/peso\/wp-content\/uploads\/2022\/02\/DSC09541_ergebnis-768x512.jpg 768w, http:\/\/www.fotopress-sommer.at\/peso\/wp-content\/uploads\/2022\/02\/DSC09541_ergebnis-1536x1024.jpg 1536w, http:\/\/www.fotopress-sommer.at\/peso\/wp-content\/uploads\/2022\/02\/DSC09541_ergebnis-2048x1365.jpg 2048w, http:\/\/www.fotopress-sommer.at\/peso\/wp-content\/uploads\/2022\/02\/DSC09541_ergebnis-420x280.jpg 420w\" sizes=\"auto, (max-width: 300px) 100vw, 300px\" \/><br \/>\nNach nun 30 Jahren im aktiven Einsatz hat das alte LFB-A L\u00f6schfahrzeug ausgedient und bei vielen Eins\u00e4tzen wertvolle Dienste geleistet und oft auch bei verungl\u00fcckten Menschen zur Lebensrettung beigetragen. Das Fahrzeug ist zum Verkauf ausgeschrieben und hat schon viele Interessenten angesprochen. Das neue L\u00f6schfahrzeug hat einen Kaufwert von ca 400.000,- Euro, wobei das Land O\u00d6, die Gemeinde Gschwandt und auch die Feuerwehr Gschwandt an den Kosten beteiligt sind. Alleine 90.000,- Euro hat dabei die Feuerwehr Gschwandt beigesteuert.<br \/>\n&#8222;Ein harter Brocken f\u00fcr uns, da ja in den letzten zwei Jahren durch Ausfall unseres Feuerwehrfestes und sonstigen Aktivit\u00e4ten fast alle Einnahmen weggefallen sind. Aber wie stolz wir am heutigen Tag sind, zeigen wohl die Fotos im Zuhause unseres \u201eneuen Babys!\u201c. Heute konnten unsere Kameraden einmal das Fahrzeug genau besichtigen und wir stellten Rede und Antwort. Ernst wird es dann in den kommenden Tagen, wo eine Einschulung aller Kollegen am technischen Fahrzeug und auch eine Einschulung aller Fahrer stattfinden wird. Es m\u00fcssen ja alle Einsatzkr\u00e4fte in der Lage sein, das Fahrzeug bei einem Einsatz bedienen und fahren zu k\u00f6nnen\u201c, so Kommandant J\u00fcrgen WEISSMANN im heutigen Gespr\u00e4ch zur Presse. M\u00f6ge das neue L\u00f6schfahrzeug stets bei den Eins\u00e4tzen den erforderlichen, hohen Anspr\u00fcchen gerecht werden und zur Unterst\u00fctzung der Einsatzkr\u00e4fte wesentlich beitragen.<br \/>\nngg_shortcode_0_placeholder<\/p>\n","protected":false},"excerpt":{"rendered":"<p>Nach zwei Jahren Vorbereitung und Planung war es heute Mittwoch 23.2.2022 endlich so weit. Kommandant J\u00fcrgen WEISSMANN fuhr mit vier Kameraden um 7:30 Uhr fr\u00fch zur Firma ROSENBAUER nach Leonding, um das mit Spannung erwartete<\/p>\n","protected":false},"author":3,"featured_media":0,"comment_status":"closed","ping_status":"open","sticky":false,"template":"","format":"standard","meta":{"ngg_post_thumbnail":0,"footnotes":""},"categories":[1],"tags":[],"class_list":["post-19875","post","type-post","status-publish","format-standard","hentry","category-allgemein"],"_links":{"self":[{"href":"http:\/\/www.fotopress-sommer.at\/peso\/index.php?rest_route=\/wp\/v2\/posts\/19875","targetHints":{"allow":["GET"]}}],"collection":[{"href":"http:\/\/www.fotopress-sommer.at\/peso\/index.php?rest_route=\/wp\/v2\/posts"}],"about":[{"href":"http:\/\/www.fotopress-sommer.at\/peso\/index.php?rest_route=\/wp\/v2\/types\/post"}],"author":[{"embeddable":true,"href":"http:\/\/www.fotopress-sommer.at\/peso\/index.php?rest_route=\/wp\/v2\/users\/3"}],"replies":[{"embeddable":true,"href":"http:\/\/www.fotopress-sommer.at\/peso\/index.php?rest_route=%2Fwp%2Fv2%2Fcomments&post=19875"}],"version-history":[{"count":1,"href":"http:\/\/www.fotopress-sommer.at\/peso\/index.php?rest_route=\/wp\/v2\/posts\/19875\/revisions"}],"predecessor-version":[{"id":19925,"href":"http:\/\/www.fotopress-sommer.at\/peso\/index.php?rest_route=\/wp\/v2\/posts\/19875\/revisions\/19925"}],"wp:attachment":[{"href":"http:\/\/www.fotopress-sommer.at\/peso\/index.php?rest_route=%2Fwp%2Fv2%2Fmedia&parent=19875"}],"wp:term":[{"taxonomy":"category","embeddable":true,"href":"http:\/\/www.fotopress-sommer.at\/peso\/index.php?rest_route=%2Fwp%2Fv2%2Fcategories&post=19875"},{"taxonomy":"post_tag","embeddable":true,"href":"http:\/\/www.fotopress-sommer.at\/peso\/index.php?rest_route=%2Fwp%2Fv2%2Ftags&post=19875"}],"curies":[{"name":"wp","href":"https:\/\/api.w.org\/{rel}","templated":true}]}}