{"id":20181,"date":"2022-03-27T21:23:20","date_gmt":"2022-03-27T19:23:20","guid":{"rendered":"http:\/\/www.fotopress-sommer.at\/peso\/?p=20181"},"modified":"2022-03-27T21:30:04","modified_gmt":"2022-03-27T19:30:04","slug":"20181","status":"publish","type":"post","link":"http:\/\/www.fotopress-sommer.at\/peso\/?p=20181","title":{"rendered":"Liebstattsonntag 2022"},"content":{"rendered":"<p>Liebstattsonntag bei Traumwetter!<br \/>\nWie auf Bestellung strahlte am heutigen Liebstattsonntag 27.3.2022 die Sonne vom Himmel und einer der wohl sch\u00f6nsten Brauchtumstage der Liebstattsonntag in Gmunden konnte stattfinden. Nach der Bauernmesse in der Pfarrkirche Gmunden marschierte der Festzug, angef\u00fchrt von der Werkskapelle Lauffen Englhof \u00fcber die Kirchengasse zum Rathausplatz Gmunden, wo bereits hunderte Besucher versammelt waren.<br \/>\n<img loading=\"lazy\" decoding=\"async\" src=\"http:\/\/www.fotopress-sommer.at\/peso\/wp-content\/uploads\/2022\/03\/DSC00447_ergebnis-300x181.jpg\" alt=\"\" width=\"300\" height=\"181\" class=\"alignnone size-medium wp-image-20182\" srcset=\"http:\/\/www.fotopress-sommer.at\/peso\/wp-content\/uploads\/2022\/03\/DSC00447_ergebnis-300x181.jpg 300w, http:\/\/www.fotopress-sommer.at\/peso\/wp-content\/uploads\/2022\/03\/DSC00447_ergebnis-1024x619.jpg 1024w, http:\/\/www.fotopress-sommer.at\/peso\/wp-content\/uploads\/2022\/03\/DSC00447_ergebnis-768x464.jpg 768w, http:\/\/www.fotopress-sommer.at\/peso\/wp-content\/uploads\/2022\/03\/DSC00447_ergebnis-1536x928.jpg 1536w, http:\/\/www.fotopress-sommer.at\/peso\/wp-content\/uploads\/2022\/03\/DSC00447_ergebnis-2048x1238.jpg 2048w\" sizes=\"auto, (max-width: 300px) 100vw, 300px\" \/><br \/>\nDie Ehreng\u00e4ste, allen voran Landeshauptmann Mag.Thomas STELZER, B\u00fcrgermeister Mag. Stefan KRAPF, Pfarrer GR Mag. Gerald Geyrhofer, Tourismus-Gesch\u00e4ftsf\u00fchrer Andreas Murray und der Obmann des Trachtenvereines Gmunden Franz WOLFSGRUBER betraten die B\u00fchme vorm Gmundner Rathaus und richteten der Reihe nach Gru\u00dfworte an die gro\u00dfe Menschenmenge, Franz Wolfsgruber erkl\u00e4rte auch den \u201eBrauch der Liebe abzustatten\u201c, aus dem der Liebstattsonntag geworden ist.<br \/>\n<img loading=\"lazy\" decoding=\"async\" src=\"http:\/\/www.fotopress-sommer.at\/peso\/wp-content\/uploads\/2022\/03\/DSC00462_ergebnis-300x200.jpg\" alt=\"\" width=\"300\" height=\"200\" class=\"alignnone size-medium wp-image-20183\" srcset=\"http:\/\/www.fotopress-sommer.at\/peso\/wp-content\/uploads\/2022\/03\/DSC00462_ergebnis-300x200.jpg 300w, http:\/\/www.fotopress-sommer.at\/peso\/wp-content\/uploads\/2022\/03\/DSC00462_ergebnis-1024x683.jpg 1024w, http:\/\/www.fotopress-sommer.at\/peso\/wp-content\/uploads\/2022\/03\/DSC00462_ergebnis-768x512.jpg 768w, http:\/\/www.fotopress-sommer.at\/peso\/wp-content\/uploads\/2022\/03\/DSC00462_ergebnis-1536x1024.jpg 1536w, http:\/\/www.fotopress-sommer.at\/peso\/wp-content\/uploads\/2022\/03\/DSC00462_ergebnis-2048x1365.jpg 2048w, http:\/\/www.fotopress-sommer.at\/peso\/wp-content\/uploads\/2022\/03\/DSC00462_ergebnis-420x280.jpg 420w\" sizes=\"auto, (max-width: 300px) 100vw, 300px\" \/><br \/>\nAm \u201esch\u00f6nsten Platz Europas\u201c wurden bei unz\u00e4hligen St\u00e4nde die verzierten Lebkuchenherzen zum Verkauf angeboten, die auch rei\u00dfenden Absatz fanden. Viele Gmundnerinnen und Gmundner, gro\u00df und klein verteilten selbst angefertigte Herzen an Freunde, Bekannte und G\u00e4ste und statteten so die Liebe ab. Den ganzen Liebstattsonntag wurde ein buntes Programm mit viel Musik geboten und so wurde dieser Traditionstag wieder geb\u00fchrend gefeiert.<br \/>\nngg_shortcode_0_placeholder<\/p>\n","protected":false},"excerpt":{"rendered":"<p>Liebstattsonntag bei Traumwetter! Wie auf Bestellung strahlte am heutigen Liebstattsonntag 27.3.2022 die Sonne vom Himmel und einer der wohl sch\u00f6nsten Brauchtumstage der Liebstattsonntag in Gmunden konnte stattfinden. Nach der Bauernmesse in der Pfarrkirche Gmunden marschierte<\/p>\n","protected":false},"author":3,"featured_media":0,"comment_status":"closed","ping_status":"open","sticky":false,"template":"","format":"standard","meta":{"ngg_post_thumbnail":0,"footnotes":""},"categories":[1],"tags":[],"class_list":["post-20181","post","type-post","status-publish","format-standard","hentry","category-allgemein"],"_links":{"self":[{"href":"http:\/\/www.fotopress-sommer.at\/peso\/index.php?rest_route=\/wp\/v2\/posts\/20181","targetHints":{"allow":["GET"]}}],"collection":[{"href":"http:\/\/www.fotopress-sommer.at\/peso\/index.php?rest_route=\/wp\/v2\/posts"}],"about":[{"href":"http:\/\/www.fotopress-sommer.at\/peso\/index.php?rest_route=\/wp\/v2\/types\/post"}],"author":[{"embeddable":true,"href":"http:\/\/www.fotopress-sommer.at\/peso\/index.php?rest_route=\/wp\/v2\/users\/3"}],"replies":[{"embeddable":true,"href":"http:\/\/www.fotopress-sommer.at\/peso\/index.php?rest_route=%2Fwp%2Fv2%2Fcomments&post=20181"}],"version-history":[{"count":2,"href":"http:\/\/www.fotopress-sommer.at\/peso\/index.php?rest_route=\/wp\/v2\/posts\/20181\/revisions"}],"predecessor-version":[{"id":20273,"href":"http:\/\/www.fotopress-sommer.at\/peso\/index.php?rest_route=\/wp\/v2\/posts\/20181\/revisions\/20273"}],"wp:attachment":[{"href":"http:\/\/www.fotopress-sommer.at\/peso\/index.php?rest_route=%2Fwp%2Fv2%2Fmedia&parent=20181"}],"wp:term":[{"taxonomy":"category","embeddable":true,"href":"http:\/\/www.fotopress-sommer.at\/peso\/index.php?rest_route=%2Fwp%2Fv2%2Fcategories&post=20181"},{"taxonomy":"post_tag","embeddable":true,"href":"http:\/\/www.fotopress-sommer.at\/peso\/index.php?rest_route=%2Fwp%2Fv2%2Ftags&post=20181"}],"curies":[{"name":"wp","href":"https:\/\/api.w.org\/{rel}","templated":true}]}}