{"id":20275,"date":"2022-04-02T13:40:52","date_gmt":"2022-04-02T11:40:52","guid":{"rendered":"http:\/\/www.fotopress-sommer.at\/peso\/?p=20275"},"modified":"2022-04-02T13:41:31","modified_gmt":"2022-04-02T11:41:31","slug":"20275","status":"publish","type":"post","link":"http:\/\/www.fotopress-sommer.at\/peso\/?p=20275","title":{"rendered":"Andacht Traunsteinopfer 2022"},"content":{"rendered":"<p>WIR GEDENKEN DER TRAUNSTEINOPFER<br \/>\n\u201eDie Erinnerung ist ein Fenster durch das wir Dich sehen k\u00f6nnen wann immer wir wollen\u201c. Und durch dieses Fenster sahen viele Teilnehmer bei der Andacht beim Gedenkstein f\u00fcr die Traunsteinopfer unterm Stein in Gmunden ihre Angeh\u00f6rigen, Bekannte und Freunde heute Freitag 1.4.2022, die am Traunstein ihr Leben lassen mussten. Der Organisator und Vorsitzender Stv. der Naturfreunde Ohlsdorf Manfred SPITZBART hat wohl auch sehr gute Beziehungen nach oben und so konnte diese Gedenkfeier ohne Nass von oben stattfinden. Pfarrassistent Mag. Gerhard PUMBERGER fand wie immer die richtigen Worte bei seiner Andacht und schaffte es, dass die Gedanken der Anwesenden wirklich nahe bei den Opfern des Traunstein waren und auch die wundersch\u00f6nen Kl\u00e4nge der Musikbegleitung durch Daniela und Hermann trugen dazu bei.<br \/>\n<img loading=\"lazy\" decoding=\"async\" src=\"http:\/\/www.fotopress-sommer.at\/peso\/wp-content\/uploads\/2022\/04\/DSC00686_ergebnis-300x200.jpg\" alt=\"\" width=\"300\" height=\"200\" class=\"alignnone size-medium wp-image-20276\" srcset=\"http:\/\/www.fotopress-sommer.at\/peso\/wp-content\/uploads\/2022\/04\/DSC00686_ergebnis-300x200.jpg 300w, http:\/\/www.fotopress-sommer.at\/peso\/wp-content\/uploads\/2022\/04\/DSC00686_ergebnis-1024x683.jpg 1024w, http:\/\/www.fotopress-sommer.at\/peso\/wp-content\/uploads\/2022\/04\/DSC00686_ergebnis-768x512.jpg 768w, http:\/\/www.fotopress-sommer.at\/peso\/wp-content\/uploads\/2022\/04\/DSC00686_ergebnis-1536x1024.jpg 1536w, http:\/\/www.fotopress-sommer.at\/peso\/wp-content\/uploads\/2022\/04\/DSC00686_ergebnis-2048x1365.jpg 2048w, http:\/\/www.fotopress-sommer.at\/peso\/wp-content\/uploads\/2022\/04\/DSC00686_ergebnis-420x280.jpg 420w\" sizes=\"auto, (max-width: 300px) 100vw, 300px\" \/><br \/>\nUnter den Anwesenden waren auch BMG. Stefan KRAPF aus Gmunden, BGM Ines MIRLACHER aus Ohlsdorf,  BGM Ing. MBA J\u00fcrgen BERCHTALER aus Pinsdorf, VizeBGM Wolfgang SCHLAIR aus Gmunden, VizeBGM David LUGMAYR Ohlsdorf, der Vorsitzende der Naturfreunde Ing. Kurt KRAMESBERGER mit Team, Ortsstellenleiter der Bergrettung Bernhard EBNER mit Team um nur einige zu nennen. Im Anschluss an die Gedenkfeier richtete auch BGM Stefan KRAPF einige Worte an alle Anwesenden, speziell aber an die Angeh\u00f6rigen der Opfer. &#8222;So sch\u00f6n auch unser Felsengigant TRAUNSTEIN im Hintergrund ist, so gef\u00e4hrlich kann auch die Besteigung dieses Berges sein. Eine kleine Unaufmerksamkeit oder ein Fehltritt kann leider auch den Tod bedeuten. So auch seit 2019 sieben Opfer, der wir am heutigen Tag speziell gedenken! Unser aller Dank geb\u00fchrt allen Einsatzkr\u00e4ften, die unter Einsatz ihres eigenen Leben abgest\u00fcrzten und verletzten Bergsteigern zu Hilfe eilen, leider auch oft zu sp\u00e4t, um noch helfen zu k\u00f6nnen!\u201c, so Stefan Krapf in seinen Worten. Auch Manfred SPITZBART betonte dies in seinen Schlussworten und dankte Allen, die dieser Andacht beiwohnten.<br \/>\nngg_shortcode_0_placeholder<\/p>\n","protected":false},"excerpt":{"rendered":"<p>WIR GEDENKEN DER TRAUNSTEINOPFER \u201eDie Erinnerung ist ein Fenster durch das wir Dich sehen k\u00f6nnen wann immer wir wollen\u201c. Und durch dieses Fenster sahen viele Teilnehmer bei der Andacht beim Gedenkstein f\u00fcr die Traunsteinopfer unterm<\/p>\n","protected":false},"author":3,"featured_media":0,"comment_status":"closed","ping_status":"open","sticky":false,"template":"","format":"standard","meta":{"ngg_post_thumbnail":0,"footnotes":""},"categories":[1],"tags":[],"class_list":["post-20275","post","type-post","status-publish","format-standard","hentry","category-allgemein"],"_links":{"self":[{"href":"http:\/\/www.fotopress-sommer.at\/peso\/index.php?rest_route=\/wp\/v2\/posts\/20275","targetHints":{"allow":["GET"]}}],"collection":[{"href":"http:\/\/www.fotopress-sommer.at\/peso\/index.php?rest_route=\/wp\/v2\/posts"}],"about":[{"href":"http:\/\/www.fotopress-sommer.at\/peso\/index.php?rest_route=\/wp\/v2\/types\/post"}],"author":[{"embeddable":true,"href":"http:\/\/www.fotopress-sommer.at\/peso\/index.php?rest_route=\/wp\/v2\/users\/3"}],"replies":[{"embeddable":true,"href":"http:\/\/www.fotopress-sommer.at\/peso\/index.php?rest_route=%2Fwp%2Fv2%2Fcomments&post=20275"}],"version-history":[{"count":2,"href":"http:\/\/www.fotopress-sommer.at\/peso\/index.php?rest_route=\/wp\/v2\/posts\/20275\/revisions"}],"predecessor-version":[{"id":20321,"href":"http:\/\/www.fotopress-sommer.at\/peso\/index.php?rest_route=\/wp\/v2\/posts\/20275\/revisions\/20321"}],"wp:attachment":[{"href":"http:\/\/www.fotopress-sommer.at\/peso\/index.php?rest_route=%2Fwp%2Fv2%2Fmedia&parent=20275"}],"wp:term":[{"taxonomy":"category","embeddable":true,"href":"http:\/\/www.fotopress-sommer.at\/peso\/index.php?rest_route=%2Fwp%2Fv2%2Fcategories&post=20275"},{"taxonomy":"post_tag","embeddable":true,"href":"http:\/\/www.fotopress-sommer.at\/peso\/index.php?rest_route=%2Fwp%2Fv2%2Ftags&post=20275"}],"curies":[{"name":"wp","href":"https:\/\/api.w.org\/{rel}","templated":true}]}}