{"id":23088,"date":"2023-01-07T00:03:08","date_gmt":"2023-01-06T23:03:08","guid":{"rendered":"http:\/\/www.fotopress-sommer.at\/peso\/?p=23088"},"modified":"2023-01-07T00:03:08","modified_gmt":"2023-01-06T23:03:08","slug":"gloecklerlauf-2023","status":"publish","type":"post","link":"http:\/\/www.fotopress-sommer.at\/peso\/?p=23088","title":{"rendered":"Gl\u00f6cklerlauf 2023"},"content":{"rendered":"<p>Auch die Gl\u00f6cklerpass \u201eTRAUNSTOANA\u201c Gmunden trotzten Wind und Wetter!<br \/>\nWie verhext war das Wetter am Gl\u00f6cklertag 5.1.2023. Am Vortag noch relativ gutes Wetter, am Tag danach angenehmes Wetter ohne Wind und Regen und akkurat am Gl\u00f6cklertag Donnerstag 5.1.2023 Regen, Sturmb\u00f6en und richtiges Schmuddelwetter. Doch trotzten einige Gl\u00f6cklerpassen diesen Verh\u00e4ltnissen und zogen den Gl\u00f6cklerlauf durch. So auch die Traditionspass \u201eTRAUNSTOANA\u201c in Gmunden, die bereits seit 35 Jahren diesen tollen Brauch des Gl\u00f6cklerlaufes durchf\u00fchren. Um 9:00 Uhr vormittag trafen sie die 20 Mitwirkenden im Gl\u00f6cklerquartier \u201eBauchtbauer\u201c und bereiteten sich auf den Tag der Tage vor. Nach dem Einsingen der Gl\u00f6cklerlieder in der Bauernstube mit Dankesworte an die Hausherren hie\u00df es um 10:00 Uhr Kappen aufsetzen und in Richtung Stadt losmarschieren.<br \/>\n<img loading=\"lazy\" decoding=\"async\" src=\"http:\/\/www.fotopress-sommer.at\/peso\/wp-content\/uploads\/2023\/01\/DSC09674_ergebnis-300x200.jpg\" alt=\"\" width=\"300\" height=\"200\" class=\"alignnone size-medium wp-image-23089\" srcset=\"http:\/\/www.fotopress-sommer.at\/peso\/wp-content\/uploads\/2023\/01\/DSC09674_ergebnis-300x200.jpg 300w, http:\/\/www.fotopress-sommer.at\/peso\/wp-content\/uploads\/2023\/01\/DSC09674_ergebnis-1024x683.jpg 1024w, http:\/\/www.fotopress-sommer.at\/peso\/wp-content\/uploads\/2023\/01\/DSC09674_ergebnis-768x512.jpg 768w, http:\/\/www.fotopress-sommer.at\/peso\/wp-content\/uploads\/2023\/01\/DSC09674_ergebnis-1536x1024.jpg 1536w, http:\/\/www.fotopress-sommer.at\/peso\/wp-content\/uploads\/2023\/01\/DSC09674_ergebnis-2048x1365.jpg 2048w, http:\/\/www.fotopress-sommer.at\/peso\/wp-content\/uploads\/2023\/01\/DSC09674_ergebnis-420x280.jpg 420w\" sizes=\"auto, (max-width: 300px) 100vw, 300px\" \/><br \/>\nRegen setzte ein, Windb\u00f6en brachte die Kappentr\u00e4ger an ihre Grenzen und nach wenigen 100 Meter mussten die Akteure einsehen, dass ein Weiterlaufen mit den gro\u00dfen Kappen eine gro\u00dfe Gefahr darstellte. Eine Gl\u00f6cklerkappe wurde zu diesem Zeitpunkt bei einer kr\u00e4ftigen Windb\u00f6e bereits schwer besch\u00e4digt. Man war aber vorbereitet und hatte einen Klein-LKW der Firma REMAX bereits reserviert, da Philip STEINKOGLER ein Mitglied der TRAUNSTOANA dies angeboten hatte. Kurzer Hand wurden 9 Kappen in das Fahrzeug geladen und so von Station zu Station gefahren. Am Nachmittag legte sich zumindest der Wind und so konnte man auch mit den Kappen die Gl\u00f6cklerbesuche durchf\u00fchren. Die Freude bei diesen Stationen war Riesen gro\u00df, alle hatten die Hoffnung nicht aufgegeben und auch f\u00fcr Verk\u00f6stigungen gesorgt. H\u00f6hepunkt des Tages war wie immer der gro\u00dfe Gl\u00f6cklerlauf am Rathausplatz Gmunden. Dort hatten sich hunderte Menschen trotz Regen versammelten und warteten gespannt auf den Einlauf der Gl\u00f6cklerpassen. Ein wundersch\u00f6ner Brauch, der nach zwei Jahren Corona bedingter Pause doch stattfinden konnte.<br \/>\n<img loading=\"lazy\" decoding=\"async\" src=\"http:\/\/www.fotopress-sommer.at\/peso\/wp-content\/uploads\/2023\/01\/DSC09864_ergebnis-300x200.jpg\" alt=\"\" width=\"300\" height=\"200\" class=\"alignnone size-medium wp-image-23090\" srcset=\"http:\/\/www.fotopress-sommer.at\/peso\/wp-content\/uploads\/2023\/01\/DSC09864_ergebnis-300x200.jpg 300w, http:\/\/www.fotopress-sommer.at\/peso\/wp-content\/uploads\/2023\/01\/DSC09864_ergebnis-1024x683.jpg 1024w, http:\/\/www.fotopress-sommer.at\/peso\/wp-content\/uploads\/2023\/01\/DSC09864_ergebnis-768x512.jpg 768w, http:\/\/www.fotopress-sommer.at\/peso\/wp-content\/uploads\/2023\/01\/DSC09864_ergebnis-1536x1024.jpg 1536w, http:\/\/www.fotopress-sommer.at\/peso\/wp-content\/uploads\/2023\/01\/DSC09864_ergebnis-2048x1365.jpg 2048w, http:\/\/www.fotopress-sommer.at\/peso\/wp-content\/uploads\/2023\/01\/DSC09864_ergebnis-420x280.jpg 420w\" sizes=\"auto, (max-width: 300px) 100vw, 300px\" \/><br \/>\nDer tosende Applaus f\u00fcr die Kappentr\u00e4ger war ein w\u00fcrdiger Lohn, der mit Glocken,- und Schellengel\u00e4ute lautstark beantwortet wurde. B\u00fcrgermeister Mag. Stefan KRAPF verteilte selbst am Ende des Laufes am Rathausplatz noch den obligatorischen Gl\u00f6cklerkrapfen an jeden einzelnen L\u00e4ufer und konnte so den Gl\u00f6cklertag erfolgreich beenden.<br \/>\nngg_shortcode_0_placeholder<\/p>\n","protected":false},"excerpt":{"rendered":"<p>Auch die Gl\u00f6cklerpass \u201eTRAUNSTOANA\u201c Gmunden trotzten Wind und Wetter! Wie verhext war das Wetter am Gl\u00f6cklertag 5.1.2023. Am Vortag noch relativ gutes Wetter, am Tag danach angenehmes Wetter ohne Wind und Regen und akkurat am<\/p>\n","protected":false},"author":3,"featured_media":0,"comment_status":"closed","ping_status":"open","sticky":false,"template":"","format":"standard","meta":{"ngg_post_thumbnail":0,"footnotes":""},"categories":[1],"tags":[],"class_list":["post-23088","post","type-post","status-publish","format-standard","hentry","category-allgemein"],"_links":{"self":[{"href":"http:\/\/www.fotopress-sommer.at\/peso\/index.php?rest_route=\/wp\/v2\/posts\/23088","targetHints":{"allow":["GET"]}}],"collection":[{"href":"http:\/\/www.fotopress-sommer.at\/peso\/index.php?rest_route=\/wp\/v2\/posts"}],"about":[{"href":"http:\/\/www.fotopress-sommer.at\/peso\/index.php?rest_route=\/wp\/v2\/types\/post"}],"author":[{"embeddable":true,"href":"http:\/\/www.fotopress-sommer.at\/peso\/index.php?rest_route=\/wp\/v2\/users\/3"}],"replies":[{"embeddable":true,"href":"http:\/\/www.fotopress-sommer.at\/peso\/index.php?rest_route=%2Fwp%2Fv2%2Fcomments&post=23088"}],"version-history":[{"count":1,"href":"http:\/\/www.fotopress-sommer.at\/peso\/index.php?rest_route=\/wp\/v2\/posts\/23088\/revisions"}],"predecessor-version":[{"id":23314,"href":"http:\/\/www.fotopress-sommer.at\/peso\/index.php?rest_route=\/wp\/v2\/posts\/23088\/revisions\/23314"}],"wp:attachment":[{"href":"http:\/\/www.fotopress-sommer.at\/peso\/index.php?rest_route=%2Fwp%2Fv2%2Fmedia&parent=23088"}],"wp:term":[{"taxonomy":"category","embeddable":true,"href":"http:\/\/www.fotopress-sommer.at\/peso\/index.php?rest_route=%2Fwp%2Fv2%2Fcategories&post=23088"},{"taxonomy":"post_tag","embeddable":true,"href":"http:\/\/www.fotopress-sommer.at\/peso\/index.php?rest_route=%2Fwp%2Fv2%2Ftags&post=23088"}],"curies":[{"name":"wp","href":"https:\/\/api.w.org\/{rel}","templated":true}]}}