{"id":24116,"date":"2023-02-22T11:09:21","date_gmt":"2023-02-22T10:09:21","guid":{"rendered":"http:\/\/www.fotopress-sommer.at\/peso\/?p=24116"},"modified":"2023-02-22T11:11:27","modified_gmt":"2023-02-22T10:11:27","slug":"faschingdiesntag-gschwandt-2023","status":"publish","type":"post","link":"http:\/\/www.fotopress-sommer.at\/peso\/?p=24116","title":{"rendered":"Faschingdienstag Gschwandt 2023"},"content":{"rendered":"<p>Traumtagerl &#8211; Faschingdienstag in Gschwandt!<br \/>\nDer Faschingdienstag 21.2.2023 war wahrlich in jeder Sicht ein Traumtagerl! Bereits am Vormittag waren bei Traumwetter viele Faschingsbegeisterte in Gschwandt unterwegs. Im Gemeindeamt lie\u00df sich BGM Fritz STEINDL mit seinem Team nicht lumpen und schenkte vor und im Gemeindeamt den durstigen Seelen einen aus. Auch beim \u201eKramer\u201c Fam. WALLNER war Fasching angesagt und das ehemalige Gasthaus GRAFINGER \u00f6ffnete mit dem Musikverein Gschwandt seine Pforten. Zur \u00dcberraschung Aller schenkte sogar Resi GRAFINGER nochmals aus und versorgte die G\u00e4ste. In der Mehrzweckhalle wurde mit Hochdruck vom Team der SP\u00d6 Gschwandt rund um Trixi P\u00d6LZL-HUEMER und Michi GEGENLEITNER f\u00fcr den Kinderfasching alles hergerichtet und dekoriert. P\u00fcnktlich um 14:00 Uhr dann der Startschuss, wo aus allen Himmelsrichtungen die kleinen Faschingsg\u00e4ste mit Eltern die Mehrzweckhalle der Volksschule Gschwandt st\u00fcrmten. Unz\u00e4hlige Luftballons bedeckten den Boden, eine gro\u00dfe H\u00fcpfburg wartete auf die Kids, Tische mit verschiedenste Spiele und Bastelutensilien wurden im Beschlag genommen, im Eingangsbereich wurden Speisen und Getr\u00e4nke ausgeschenkt und ein DJ sorgte f\u00fcr die musikalische Unterhaltung.<br \/>\n<img loading=\"lazy\" decoding=\"async\" src=\"http:\/\/www.fotopress-sommer.at\/peso\/wp-content\/uploads\/2023\/02\/DSC01658_ergebnis-300x192.jpg\" alt=\"\" width=\"300\" height=\"192\" class=\"alignnone size-medium wp-image-24117\" srcset=\"http:\/\/www.fotopress-sommer.at\/peso\/wp-content\/uploads\/2023\/02\/DSC01658_ergebnis-300x192.jpg 300w, http:\/\/www.fotopress-sommer.at\/peso\/wp-content\/uploads\/2023\/02\/DSC01658_ergebnis-1024x657.jpg 1024w, http:\/\/www.fotopress-sommer.at\/peso\/wp-content\/uploads\/2023\/02\/DSC01658_ergebnis-768x493.jpg 768w, http:\/\/www.fotopress-sommer.at\/peso\/wp-content\/uploads\/2023\/02\/DSC01658_ergebnis-1536x985.jpg 1536w, http:\/\/www.fotopress-sommer.at\/peso\/wp-content\/uploads\/2023\/02\/DSC01658_ergebnis-2048x1314.jpg 2048w\" sizes=\"auto, (max-width: 300px) 100vw, 300px\" \/><br \/>\nDer H\u00f6hepunkt dann um 15:00 Uhr! Zauberer FREDDY hatte auf der B\u00fchne alles vorbereitet und startete seine Kinder Zaubershow mit seiner charmanten Helferin. Von der ersten Sekunde an waren die Kids und Erwachsenen mt Begeisterung dabei und trieben Zauberer FREDDY zu H\u00f6chstleistungen. Als auch noch eine Taube in ein Kaninchen verwandelt wurde, waren ALLE nicht mehr zu halten. F\u00f6rmlich mit tosendem Applaus \u00fcbersch\u00fcttet war selbst FREDDY von der Stimmung im Saal \u00fcberw\u00e4ltigt und versprach im n\u00e4chsten Jahr wieder zu kommen.<br \/>\n<img loading=\"lazy\" decoding=\"async\" src=\"http:\/\/www.fotopress-sommer.at\/peso\/wp-content\/uploads\/2023\/02\/DSC01780_ergebnis-300x200.jpg\" alt=\"\" width=\"300\" height=\"200\" class=\"alignnone size-medium wp-image-24118\" srcset=\"http:\/\/www.fotopress-sommer.at\/peso\/wp-content\/uploads\/2023\/02\/DSC01780_ergebnis-300x200.jpg 300w, http:\/\/www.fotopress-sommer.at\/peso\/wp-content\/uploads\/2023\/02\/DSC01780_ergebnis-1024x683.jpg 1024w, http:\/\/www.fotopress-sommer.at\/peso\/wp-content\/uploads\/2023\/02\/DSC01780_ergebnis-768x512.jpg 768w, http:\/\/www.fotopress-sommer.at\/peso\/wp-content\/uploads\/2023\/02\/DSC01780_ergebnis-1536x1024.jpg 1536w, http:\/\/www.fotopress-sommer.at\/peso\/wp-content\/uploads\/2023\/02\/DSC01780_ergebnis-2048x1365.jpg 2048w, http:\/\/www.fotopress-sommer.at\/peso\/wp-content\/uploads\/2023\/02\/DSC01780_ergebnis-420x280.jpg 420w\" sizes=\"auto, (max-width: 300px) 100vw, 300px\" \/><br \/>\nViel zu schnell verging die Zeit und um 17:00 Uhr war der Kinderfasching der SP\u00d6 Gschwandt f\u00fcr 2023 wieder zu Ende. \u201eMit dem Riesen Zulauf haben wir nicht gerechnet. Dies ruft auf alle F\u00e4lle nach Wiederholung 2024 und wir werden jetzt schon mit der Planung KINDERFASCHING 2024 beginnen!\u201c, so ein \u00fcbergl\u00fccklicher Michael GEGENLEITNER nach der Veranstaltung.<br \/>\nDer Faschingdienstag war aber noch l\u00e4ngst nicht vorbei.  Nachdem die Mehrzweckhalle wieder voll und ganz aufger\u00e4umt war, \u201e\u00fcbersiedelte&#8220; das flei\u00dfige Team der SP\u00d6 in`s Gasthaus Grafinger, wo der Musikverein Gschwandt mit Discobetrieb vom Feinsten aufwartete. Mit Jubel, Trubel, Heiterkeit bis in die Morgenstunden fand der Fasching 2023 seinen Ausklang und Gschwandt hat wieder einmal bewiesen, wie eine funktionierende Dorfgemeinschaft zu feiern versteht! Der Fasching 2024 kann kommen!<br \/>\nngg_shortcode_0_placeholder<\/p>\n","protected":false},"excerpt":{"rendered":"<p>Traumtagerl &#8211; Faschingdienstag in Gschwandt! Der Faschingdienstag 21.2.2023 war wahrlich in jeder Sicht ein Traumtagerl! Bereits am Vormittag waren bei Traumwetter viele Faschingsbegeisterte in Gschwandt unterwegs. Im Gemeindeamt lie\u00df sich BGM Fritz STEINDL mit seinem<\/p>\n","protected":false},"author":3,"featured_media":0,"comment_status":"closed","ping_status":"open","sticky":false,"template":"","format":"standard","meta":{"ngg_post_thumbnail":0,"footnotes":""},"categories":[1],"tags":[],"class_list":["post-24116","post","type-post","status-publish","format-standard","hentry","category-allgemein"],"_links":{"self":[{"href":"http:\/\/www.fotopress-sommer.at\/peso\/index.php?rest_route=\/wp\/v2\/posts\/24116","targetHints":{"allow":["GET"]}}],"collection":[{"href":"http:\/\/www.fotopress-sommer.at\/peso\/index.php?rest_route=\/wp\/v2\/posts"}],"about":[{"href":"http:\/\/www.fotopress-sommer.at\/peso\/index.php?rest_route=\/wp\/v2\/types\/post"}],"author":[{"embeddable":true,"href":"http:\/\/www.fotopress-sommer.at\/peso\/index.php?rest_route=\/wp\/v2\/users\/3"}],"replies":[{"embeddable":true,"href":"http:\/\/www.fotopress-sommer.at\/peso\/index.php?rest_route=%2Fwp%2Fv2%2Fcomments&post=24116"}],"version-history":[{"count":3,"href":"http:\/\/www.fotopress-sommer.at\/peso\/index.php?rest_route=\/wp\/v2\/posts\/24116\/revisions"}],"predecessor-version":[{"id":24289,"href":"http:\/\/www.fotopress-sommer.at\/peso\/index.php?rest_route=\/wp\/v2\/posts\/24116\/revisions\/24289"}],"wp:attachment":[{"href":"http:\/\/www.fotopress-sommer.at\/peso\/index.php?rest_route=%2Fwp%2Fv2%2Fmedia&parent=24116"}],"wp:term":[{"taxonomy":"category","embeddable":true,"href":"http:\/\/www.fotopress-sommer.at\/peso\/index.php?rest_route=%2Fwp%2Fv2%2Fcategories&post=24116"},{"taxonomy":"post_tag","embeddable":true,"href":"http:\/\/www.fotopress-sommer.at\/peso\/index.php?rest_route=%2Fwp%2Fv2%2Ftags&post=24116"}],"curies":[{"name":"wp","href":"https:\/\/api.w.org\/{rel}","templated":true}]}}