{"id":24566,"date":"2023-08-27T21:46:48","date_gmt":"2023-08-27T19:46:48","guid":{"rendered":"http:\/\/www.fotopress-sommer.at\/peso\/?p=24566"},"modified":"2023-08-27T21:46:48","modified_gmt":"2023-08-27T19:46:48","slug":"toepfermarkt-gmunden-2023","status":"publish","type":"post","link":"http:\/\/www.fotopress-sommer.at\/peso\/?p=24566","title":{"rendered":"T\u00f6pfermarkt Gmunden 2023"},"content":{"rendered":"<p>Das war der 35. \u00f6sterreichische T\u00f6pfermarkt in der Keramikstadt Gmunden am Traunsee.<br \/>\nDas T\u00f6pfer Highlight in Gmunden von 25. bis 27. August 2023 war wohl wieder ein riesen Erfolg mit tausenden Besuchern. Nach dem jetzt 35-j\u00e4hrigen Bestehen ist der \u00d6sterreichische T\u00f6pfermarkt immer noch aufgrund seiner Vielfalt und hohen Qualit\u00e4t so gut besucht wie eh und je. Zudem geh\u00f6rt er zu den besten Keramik-M\u00e4rkten in Europa: Keramik-K\u00fcnstler aus allen europ\u00e4ischen L\u00e4ndern vereinigten sich hier an diesem Wochenende, um Traditionelles und Neues aus Ton zu pr\u00e4sentieren.<br \/>\n<img loading=\"lazy\" decoding=\"async\" src=\"http:\/\/www.fotopress-sommer.at\/peso\/wp-content\/uploads\/2023\/08\/IMG_9364_ergebnis-300x225.jpg\" alt=\"\" width=\"300\" height=\"225\" class=\"alignnone size-medium wp-image-24567\" srcset=\"http:\/\/www.fotopress-sommer.at\/peso\/wp-content\/uploads\/2023\/08\/IMG_9364_ergebnis-300x225.jpg 300w, http:\/\/www.fotopress-sommer.at\/peso\/wp-content\/uploads\/2023\/08\/IMG_9364_ergebnis-1024x768.jpg 1024w, http:\/\/www.fotopress-sommer.at\/peso\/wp-content\/uploads\/2023\/08\/IMG_9364_ergebnis-768x576.jpg 768w, http:\/\/www.fotopress-sommer.at\/peso\/wp-content\/uploads\/2023\/08\/IMG_9364_ergebnis-1536x1152.jpg 1536w, http:\/\/www.fotopress-sommer.at\/peso\/wp-content\/uploads\/2023\/08\/IMG_9364_ergebnis-2048x1536.jpg 2048w\" sizes=\"auto, (max-width: 300px) 100vw, 300px\" \/><br \/>\nUnterschiedlichste Techniken, Dekors und Stilrichtungen dieses Handwerks haben das Publikum aufs Neue begeistern. Auch heuer haben sich wieder neue Werkst\u00e4tten vorgestellt und dies freute die Marktverantworliche Eva F\u00fcrtbauer ganz besonders. Der T\u00f6pfermarkt ist nicht nur eine gute Gelegenheit f\u00fcr Besucher und Liebhaber der Keramikkunst einen guten \u00dcberblick \u00fcber die europ\u00e4ische Keramik-Szene zu bekommen \u2013 es ist auch bestimmt f\u00fcr jeden Geschmack etwas dabei! Dies konnte man auch bei den Besuchern mit vielen Einkaufssackerl erkennen. Besonders beliebt war auch die \u201eZaubert\u00f6pferscheibe\u201c von Thomas Benirschke, auf der die Kids eigene T\u00f6pferkunstwerke herstellen durften.<br \/>\nDer Wettergott meinte es auch Gro\u00dfteils gut mit den Keramikk\u00fcnstlern (au\u00dfer den St\u00fcrmen und Gewittern am Abend) und den Organisatoren und so kann man mit ruhigem Gewissen von einem tollen Ergebnis und Erfolg sprechen. Der 35. \u00f6sterreichische T\u00f6pfermarkt in der Keramikstadt Gmunden ist Geschichte, die Vorbereitungen f\u00fcr den 36. T\u00f6pfermarkt haben begonnen!<br \/>\nngg_shortcode_0_placeholder<\/p>\n","protected":false},"excerpt":{"rendered":"<p>Das war der 35. \u00f6sterreichische T\u00f6pfermarkt in der Keramikstadt Gmunden am Traunsee. Das T\u00f6pfer Highlight in Gmunden von 25. bis 27. August 2023 war wohl wieder ein riesen Erfolg mit tausenden Besuchern. Nach dem jetzt<\/p>\n","protected":false},"author":3,"featured_media":0,"comment_status":"closed","ping_status":"open","sticky":false,"template":"","format":"standard","meta":{"ngg_post_thumbnail":0,"footnotes":""},"categories":[1],"tags":[],"class_list":["post-24566","post","type-post","status-publish","format-standard","hentry","category-allgemein"],"_links":{"self":[{"href":"http:\/\/www.fotopress-sommer.at\/peso\/index.php?rest_route=\/wp\/v2\/posts\/24566","targetHints":{"allow":["GET"]}}],"collection":[{"href":"http:\/\/www.fotopress-sommer.at\/peso\/index.php?rest_route=\/wp\/v2\/posts"}],"about":[{"href":"http:\/\/www.fotopress-sommer.at\/peso\/index.php?rest_route=\/wp\/v2\/types\/post"}],"author":[{"embeddable":true,"href":"http:\/\/www.fotopress-sommer.at\/peso\/index.php?rest_route=\/wp\/v2\/users\/3"}],"replies":[{"embeddable":true,"href":"http:\/\/www.fotopress-sommer.at\/peso\/index.php?rest_route=%2Fwp%2Fv2%2Fcomments&post=24566"}],"version-history":[{"count":1,"href":"http:\/\/www.fotopress-sommer.at\/peso\/index.php?rest_route=\/wp\/v2\/posts\/24566\/revisions"}],"predecessor-version":[{"id":24699,"href":"http:\/\/www.fotopress-sommer.at\/peso\/index.php?rest_route=\/wp\/v2\/posts\/24566\/revisions\/24699"}],"wp:attachment":[{"href":"http:\/\/www.fotopress-sommer.at\/peso\/index.php?rest_route=%2Fwp%2Fv2%2Fmedia&parent=24566"}],"wp:term":[{"taxonomy":"category","embeddable":true,"href":"http:\/\/www.fotopress-sommer.at\/peso\/index.php?rest_route=%2Fwp%2Fv2%2Fcategories&post=24566"},{"taxonomy":"post_tag","embeddable":true,"href":"http:\/\/www.fotopress-sommer.at\/peso\/index.php?rest_route=%2Fwp%2Fv2%2Ftags&post=24566"}],"curies":[{"name":"wp","href":"https:\/\/api.w.org\/{rel}","templated":true}]}}