{"id":5443,"date":"2019-03-13T22:26:49","date_gmt":"2019-03-13T21:26:49","guid":{"rendered":"http:\/\/www.fotopress-sommer.at\/peso\/?p=5443"},"modified":"2019-03-13T22:26:49","modified_gmt":"2019-03-13T21:26:49","slug":"1-jahr-martin-3","status":"publish","type":"post","link":"http:\/\/www.fotopress-sommer.at\/peso\/?p=5443","title":{"rendered":"1 Jahr Martin 3!"},"content":{"rendered":"<div class=\"\"><b class=\"\">Erfolgsgeschichte &#8211; 1 Jahr Flugrettung Martin 3 in Scharnstein!<\/b><\/div>\n<div class=\"\"><img loading=\"lazy\" decoding=\"async\" class=\"size-medium wp-image-5445 alignright\" src=\"http:\/\/www.fotopress-sommer.at\/peso\/wp-content\/uploads\/2019\/03\/k-DSC00307-300x200.jpg\" alt=\"\" width=\"300\" height=\"200\" srcset=\"http:\/\/www.fotopress-sommer.at\/peso\/wp-content\/uploads\/2019\/03\/k-DSC00307-300x200.jpg 300w, http:\/\/www.fotopress-sommer.at\/peso\/wp-content\/uploads\/2019\/03\/k-DSC00307-768x512.jpg 768w, http:\/\/www.fotopress-sommer.at\/peso\/wp-content\/uploads\/2019\/03\/k-DSC00307-1024x682.jpg 1024w, http:\/\/www.fotopress-sommer.at\/peso\/wp-content\/uploads\/2019\/03\/k-DSC00307-420x280.jpg 420w, http:\/\/www.fotopress-sommer.at\/peso\/wp-content\/uploads\/2019\/03\/k-DSC00307.jpg 1600w\" sizes=\"auto, (max-width: 300px) 100vw, 300px\" \/>Am 17.3.2018 wurde nach langen und schwierigen Verhandlungen der Flugrettungsst\u00fctzpunkt mit dem Helikopter NAH Martin 3 von HELI AUSTRIA GmbH er\u00f6ffnet. Ein Jahr sp\u00e4ter beweist eine stolze Bilanz die Notwendigkeit dieses Rettungsdienstes. Mit \u00fcber 1000 Eins\u00e4tzen die zu ca. 60% konservative Notf\u00e4lle (neurologisch, internistisch, gyn\u00e4kologisch etc.) und ca. 40% chirurgische Notf\u00e4lle (Verkehrsunf\u00e4lle (Polytraumen), Arbeitsunf\u00e4lle, Sport\/Freizeitunf\u00e4lle) bestehen, waren auch 50 Taueins\u00e4tze und 11 Tauchunf\u00e4lle dabei. Die Taubergung erfolgen meistens im alpinen,- und hochalpinen Gebirgslagen zur Bergung von Verletzten.&nbsp;<\/div>\n<div class=\"\">Aufgrund der vielen Seen und Gew\u00e4sser im Einsatzgebiet des NAH MARTIN 3 kommt es immer wieder zu Tauchunf\u00e4llen, wo rasche Hilfeleistung notwendig ist. Die betroffenen Personen m\u00fcssen so rasch als m\u00f6glich zur weiteren Versorgung in spezielle Druckkammern geflogen werden. Diese Druckkammern f\u00fcr Tauchunf\u00e4lle befinden sich zum gr\u00f6\u00dften Teil im benachbarten Bayern (Traunstein, Murnau, M\u00fcnchen und Regensburg). Nur dort ist eine schnellstm\u00f6gliche Versorgung der Patienten in den Spezialzentren gew\u00e4hrleistet.<\/div>\n<div class=\"\"><img loading=\"lazy\" decoding=\"async\" class=\"size-medium wp-image-5444 alignright\" src=\"http:\/\/www.fotopress-sommer.at\/peso\/wp-content\/uploads\/2019\/03\/k-DSC00311-300x200.jpg\" alt=\"\" width=\"300\" height=\"200\" srcset=\"http:\/\/www.fotopress-sommer.at\/peso\/wp-content\/uploads\/2019\/03\/k-DSC00311-300x200.jpg 300w, http:\/\/www.fotopress-sommer.at\/peso\/wp-content\/uploads\/2019\/03\/k-DSC00311-768x512.jpg 768w, http:\/\/www.fotopress-sommer.at\/peso\/wp-content\/uploads\/2019\/03\/k-DSC00311-1024x682.jpg 1024w, http:\/\/www.fotopress-sommer.at\/peso\/wp-content\/uploads\/2019\/03\/k-DSC00311-420x280.jpg 420w, http:\/\/www.fotopress-sommer.at\/peso\/wp-content\/uploads\/2019\/03\/k-DSC00311.jpg 1600w\" sizes=\"auto, (max-width: 300px) 100vw, 300px\" \/>\u201eDiese 1000 Eins\u00e4tze wurden trotz Steigerung der Einsatzzahlen des \u00d6AMTC Christopherus 10 f\u00fcr das Jahr 2018 in Ober\u00f6sterreich und den angrenzenden Bundesl\u00e4nder Salzburg, Steiermark und Nieder\u00f6sterreich durch das Team von Martin 3 zus\u00e4tzlich \u00fcbernommen und sehr oft lebensrettend f\u00fcr die Patienten ausgef\u00fchrt. Nat\u00fcrlich ist daf\u00fcr auch die Hilfe und Unterst\u00fctzung der hiesigen Rettungsdienste, Polizei, Feuerwehr, Bergrettung und auch der Bev\u00f6lkerung notwendig und dies klappt tadellos.&nbsp;<\/div>\n<div class=\"\">Diese Zahlen zeigen eindeutig die Notwendigkeit des NAH Martin 3 im Bereich des Salzkammergutes und Ober\u00f6sterreich. Um weiterhin unsere Arbeit in diesem Flugrettungsst\u00fctzpunkt reibungslos durchf\u00fchren zu k\u00f6nnen, ist der Bau eines neuen Hangers samt Aufenthaltsr\u00e4ume f\u00fcr die Crew des NAH MARTIN 3 am Flugplatz in Scharnstein f\u00fcr das Jahr 2019 in der Endplanungsphase. Sowohl von der Gemeinde Scharnstein als auch von der Bev\u00f6lkerung gibt es keinerlei Beschwerden gegen dieses Vorhaben!\u201c, so der leitende Notarzt Dr. Boris BUCK.<\/div>\n<div class=\"\">ngg_shortcode_0_placeholder<\/div>\n","protected":false},"excerpt":{"rendered":"<p>Erfolgsgeschichte &#8211; 1 Jahr Flugrettung Martin 3 in Scharnstein! Am 17.3.2018 wurde nach langen und schwierigen Verhandlungen der Flugrettungsst\u00fctzpunkt mit dem Helikopter NAH Martin 3 von HELI AUSTRIA GmbH er\u00f6ffnet. Ein Jahr sp\u00e4ter beweist eine<\/p>\n","protected":false},"author":3,"featured_media":0,"comment_status":"closed","ping_status":"open","sticky":false,"template":"","format":"standard","meta":{"ngg_post_thumbnail":0,"footnotes":""},"categories":[1],"tags":[],"class_list":["post-5443","post","type-post","status-publish","format-standard","hentry","category-allgemein"],"_links":{"self":[{"href":"http:\/\/www.fotopress-sommer.at\/peso\/index.php?rest_route=\/wp\/v2\/posts\/5443","targetHints":{"allow":["GET"]}}],"collection":[{"href":"http:\/\/www.fotopress-sommer.at\/peso\/index.php?rest_route=\/wp\/v2\/posts"}],"about":[{"href":"http:\/\/www.fotopress-sommer.at\/peso\/index.php?rest_route=\/wp\/v2\/types\/post"}],"author":[{"embeddable":true,"href":"http:\/\/www.fotopress-sommer.at\/peso\/index.php?rest_route=\/wp\/v2\/users\/3"}],"replies":[{"embeddable":true,"href":"http:\/\/www.fotopress-sommer.at\/peso\/index.php?rest_route=%2Fwp%2Fv2%2Fcomments&post=5443"}],"version-history":[{"count":1,"href":"http:\/\/www.fotopress-sommer.at\/peso\/index.php?rest_route=\/wp\/v2\/posts\/5443\/revisions"}],"predecessor-version":[{"id":5468,"href":"http:\/\/www.fotopress-sommer.at\/peso\/index.php?rest_route=\/wp\/v2\/posts\/5443\/revisions\/5468"}],"wp:attachment":[{"href":"http:\/\/www.fotopress-sommer.at\/peso\/index.php?rest_route=%2Fwp%2Fv2%2Fmedia&parent=5443"}],"wp:term":[{"taxonomy":"category","embeddable":true,"href":"http:\/\/www.fotopress-sommer.at\/peso\/index.php?rest_route=%2Fwp%2Fv2%2Fcategories&post=5443"},{"taxonomy":"post_tag","embeddable":true,"href":"http:\/\/www.fotopress-sommer.at\/peso\/index.php?rest_route=%2Fwp%2Fv2%2Ftags&post=5443"}],"curies":[{"name":"wp","href":"https:\/\/api.w.org\/{rel}","templated":true}]}}