{"id":6854,"date":"2019-04-27T20:47:31","date_gmt":"2019-04-27T18:47:31","guid":{"rendered":"http:\/\/www.fotopress-sommer.at\/peso\/?p=6854"},"modified":"2019-04-27T20:47:31","modified_gmt":"2019-04-27T18:47:31","slug":"fabelwesen-im-tierweltmuseum","status":"publish","type":"post","link":"http:\/\/www.fotopress-sommer.at\/peso\/?p=6854","title":{"rendered":"Fabelwesen im Tierweltmuseum"},"content":{"rendered":"<div class=\"\"><b class=\"\">Reineke, Grimbart, Meister Lampe, Isegrim und der Drache im Tierweltmuseum in Altm\u00fcnster!<\/b><\/div>\n<div class=\"\"><img loading=\"lazy\" decoding=\"async\" class=\"size-medium wp-image-6855 alignright\" src=\"http:\/\/www.fotopress-sommer.at\/peso\/wp-content\/uploads\/2019\/04\/k-DSC01354-300x200.jpg\" alt=\"\" width=\"300\" height=\"200\" srcset=\"http:\/\/www.fotopress-sommer.at\/peso\/wp-content\/uploads\/2019\/04\/k-DSC01354-300x200.jpg 300w, http:\/\/www.fotopress-sommer.at\/peso\/wp-content\/uploads\/2019\/04\/k-DSC01354-768x512.jpg 768w, http:\/\/www.fotopress-sommer.at\/peso\/wp-content\/uploads\/2019\/04\/k-DSC01354-1024x682.jpg 1024w, http:\/\/www.fotopress-sommer.at\/peso\/wp-content\/uploads\/2019\/04\/k-DSC01354-420x280.jpg 420w, http:\/\/www.fotopress-sommer.at\/peso\/wp-content\/uploads\/2019\/04\/k-DSC01354.jpg 1600w\" sizes=\"auto, (max-width: 300px) 100vw, 300px\" \/>All diese Fabelwesen haben das Tierweltmuseum Altm\u00fcnster f\u00fcr eine Sonderausstellung derzeit fest im Griff. Und diese Sonderausstellung von Konsulentin Patricia H\u00d6LLER wurde heute Samstag 27.4.2019 feierlich er\u00f6ffnet. Wie gro\u00df das Interesse daran ist, zeigte der Riesen Ansturm an Besucher und Ehreng\u00e4ste.<\/div>\n<div class=\"\">Mit Frau Dr. Mag. Sandra GALATZ, bekannt aus dem ORF konnte eine charmante Moderatorin gewonnen werden, die auch entsprechend dem Motto tierische Fabelwesen gleich einf\u00fchrend mystische Worte fand. Nat\u00fcrlich wurden auch die G\u00e4ste und zahlreichen Ehreng\u00e4ste, darunter Frau NR und Bgm. der Gemeinde Altm\u00fcnster Elisabeth FEICHTINGER, Frau Mag. Ulrike RABMER-KOLLER Vizepr\u00e4sidentin der WKO O\u00d6, Hr. Mag. Aois LANZ Bezirkshauptmann von Gmunden und Gastredner und Vortragender Prof. Dr. Josef Helmut REICHHOFF, Evolutionsbiologe und Bestsellerautor recht herzlich begr\u00fc\u00dft. Nach kurzen Begr\u00fc\u00dfungsworten von Patricia H\u00d6LLER und NR Elisabeth FEICHTINGER waren alle schon recht gespannt auf den Vortrag von Prof. REICHHOFF.<\/div>\n<div class=\"\"><img loading=\"lazy\" decoding=\"async\" class=\"size-medium wp-image-6856 alignright\" src=\"http:\/\/www.fotopress-sommer.at\/peso\/wp-content\/uploads\/2019\/04\/k-DSC01402-300x200.jpg\" alt=\"\" width=\"300\" height=\"200\" srcset=\"http:\/\/www.fotopress-sommer.at\/peso\/wp-content\/uploads\/2019\/04\/k-DSC01402-300x200.jpg 300w, http:\/\/www.fotopress-sommer.at\/peso\/wp-content\/uploads\/2019\/04\/k-DSC01402-768x512.jpg 768w, http:\/\/www.fotopress-sommer.at\/peso\/wp-content\/uploads\/2019\/04\/k-DSC01402-1024x682.jpg 1024w, http:\/\/www.fotopress-sommer.at\/peso\/wp-content\/uploads\/2019\/04\/k-DSC01402-420x280.jpg 420w, http:\/\/www.fotopress-sommer.at\/peso\/wp-content\/uploads\/2019\/04\/k-DSC01402.jpg 1600w\" sizes=\"auto, (max-width: 300px) 100vw, 300px\" \/>Woher kamen sie, wie lebten sie und was bedeuteten die r\u00e4tselhaften Drachen. Sie waren schrecklich sch\u00f6n anzuschauen mit ihren meist gr\u00fcn gl\u00e4nzenden Schuppenpanzer, mit den Fledermausfl\u00fcgeln und vor allem wenn sie Feuer spien. Sie lebten im Berg, horteten Sch\u00e4tze und tyrannisierten Menschen. Ihre Herkunft ist r\u00e4tselhaft, sagenumwoben, wie ihr Tun.&nbsp;Nur wenige Helden wagten es sich ihnen entgegen zu stellen und sie gar zu t\u00f6ten. Das waren dann wie Siegfried der Drachent\u00f6ter Helden oder sie St. Georg Heilige.<\/div>\n<div class=\"\">Eine \u00fcberraschende Erkl\u00e4rung gab es dann von Prof. Josef H. REICHHOLF, der sich als Evolutionsbiologe, Naturforscher und Bestsellerautor, ausgezeichnet mit dem Sigmund-Freund-Preis f\u00fcr wissenschaftliche Prosa intensiv mit diesem Thema Drachen besch\u00e4ftigt hat. Drachen wie sie oben beschrieben sind, haben nichts mit den noch lebenden Echsen oder ausgestorbenen Dinosaurier zu tun, sondern sind schlicht weg Fabeltiere und der Fantasie der Menschen zuzuschreiben, so in Kurzform den tollen Ausf\u00fchrungen von Prof. REICHHOLF gerecht zu werden.<\/div>\n<div class=\"\"><img loading=\"lazy\" decoding=\"async\" class=\"size-medium wp-image-6857 alignright\" src=\"http:\/\/www.fotopress-sommer.at\/peso\/wp-content\/uploads\/2019\/04\/k-DSC01417-300x200.jpg\" alt=\"\" width=\"300\" height=\"200\" srcset=\"http:\/\/www.fotopress-sommer.at\/peso\/wp-content\/uploads\/2019\/04\/k-DSC01417-300x200.jpg 300w, http:\/\/www.fotopress-sommer.at\/peso\/wp-content\/uploads\/2019\/04\/k-DSC01417-768x512.jpg 768w, http:\/\/www.fotopress-sommer.at\/peso\/wp-content\/uploads\/2019\/04\/k-DSC01417-1024x682.jpg 1024w, http:\/\/www.fotopress-sommer.at\/peso\/wp-content\/uploads\/2019\/04\/k-DSC01417-420x280.jpg 420w, http:\/\/www.fotopress-sommer.at\/peso\/wp-content\/uploads\/2019\/04\/k-DSC01417.jpg 1600w\" sizes=\"auto, (max-width: 300px) 100vw, 300px\" \/>Man kann nur empfehlen, sich diese Ausstellung und auch das Tierweltmuseum von Fam. H\u00d6LLER anzusehen und auch an Interessierte weiter zu empfehlen, ein Besuch lohnt sich allemal!&nbsp;<span class=\"\">Das Museum ist ganzj\u00e4hrig ge\u00f6ffnet:<\/span><span class=\"\">&nbsp;<\/span><strong class=\"\">Mo.-Fr. von 8:00 bis 12:00 und von 14:00 bis 17:00,&nbsp;<\/strong><span class=\"\">Au\u00dferhalb dieser Zeiten sowie Sa. &amp; So. wird um&nbsp;Terminvereinbarung ersucht!&nbsp;<\/span><span class=\"\">Voranmeldung telefonisch unter +43 (0) 76 12 \/ 644 54!<\/span><\/div>\n<div>&nbsp;<\/div>\n<div>ngg_shortcode_0_placeholder<\/div>\n<div class=\"\">&nbsp;<\/div>\n","protected":false},"excerpt":{"rendered":"<p>Reineke, Grimbart, Meister Lampe, Isegrim und der Drache im Tierweltmuseum in Altm\u00fcnster! All diese Fabelwesen haben das Tierweltmuseum Altm\u00fcnster f\u00fcr eine Sonderausstellung derzeit fest im Griff. Und diese Sonderausstellung von Konsulentin Patricia H\u00d6LLER wurde heute<\/p>\n","protected":false},"author":3,"featured_media":0,"comment_status":"closed","ping_status":"open","sticky":false,"template":"","format":"standard","meta":{"ngg_post_thumbnail":0,"footnotes":""},"categories":[1],"tags":[],"class_list":["post-6854","post","type-post","status-publish","format-standard","hentry","category-allgemein"],"_links":{"self":[{"href":"http:\/\/www.fotopress-sommer.at\/peso\/index.php?rest_route=\/wp\/v2\/posts\/6854","targetHints":{"allow":["GET"]}}],"collection":[{"href":"http:\/\/www.fotopress-sommer.at\/peso\/index.php?rest_route=\/wp\/v2\/posts"}],"about":[{"href":"http:\/\/www.fotopress-sommer.at\/peso\/index.php?rest_route=\/wp\/v2\/types\/post"}],"author":[{"embeddable":true,"href":"http:\/\/www.fotopress-sommer.at\/peso\/index.php?rest_route=\/wp\/v2\/users\/3"}],"replies":[{"embeddable":true,"href":"http:\/\/www.fotopress-sommer.at\/peso\/index.php?rest_route=%2Fwp%2Fv2%2Fcomments&post=6854"}],"version-history":[{"count":1,"href":"http:\/\/www.fotopress-sommer.at\/peso\/index.php?rest_route=\/wp\/v2\/posts\/6854\/revisions"}],"predecessor-version":[{"id":6912,"href":"http:\/\/www.fotopress-sommer.at\/peso\/index.php?rest_route=\/wp\/v2\/posts\/6854\/revisions\/6912"}],"wp:attachment":[{"href":"http:\/\/www.fotopress-sommer.at\/peso\/index.php?rest_route=%2Fwp%2Fv2%2Fmedia&parent=6854"}],"wp:term":[{"taxonomy":"category","embeddable":true,"href":"http:\/\/www.fotopress-sommer.at\/peso\/index.php?rest_route=%2Fwp%2Fv2%2Fcategories&post=6854"},{"taxonomy":"post_tag","embeddable":true,"href":"http:\/\/www.fotopress-sommer.at\/peso\/index.php?rest_route=%2Fwp%2Fv2%2Ftags&post=6854"}],"curies":[{"name":"wp","href":"https:\/\/api.w.org\/{rel}","templated":true}]}}